{"id":12345,"date":"2022-11-29T11:00:25","date_gmt":"2022-11-29T10:00:25","guid":{"rendered":"https:\/\/www.stadtmuseum.de\/?post_type=article&#038;p=12345"},"modified":"2022-11-29T11:00:26","modified_gmt":"2022-11-29T10:00:26","slug":"brandenburg-ausstellung","status":"publish","type":"article","link":"https:\/\/www.stadtmuseum.de\/en\/article\/brandenburg-ausstellung","title":{"rendered":"Brandenburg.Ausstellung"},"content":{"rendered":"<section class=\"block block-header-article block-header-article-center block-header-article-align-pullLeft\" >\n\t<div class=\"container-fluid\">\n\t\t<div class=\"row middle-xs\">\n\t\t\t\t\t\t\t<div class=\"col-xs-12 col-md-6 first-md\">\n\t\t\t\t\t<div class=\"block-header-article-image block-header-article-image-center\">\n\t\t\t\t\t\t\n\t\t<lazy-media-inline inline-template data-id=\"10565\">\n\t\t\t<figure itemscope itemtype=\"http:\/\/schema.org\/ImageObject\" class=\"lazy-media-inline \" role=\"group\" id=\"media_69f3acffe8196\">\n\t\t\t\t<script type=\"application\/json\" ref=\"data\">\n\t\t\t\t{\n\t\t\t\t\"sizes\" : {\"medium\":{\"file\":\"amaliebeer-226x300.jpg\",\"width\":226,\"height\":300,\"mime-type\":\"image\\\/jpeg\",\"filesize\":17768},\"large\":{\"file\":\"amaliebeer-772x1024.jpg\",\"width\":772,\"height\":1024,\"mime-type\":\"image\\\/jpeg\",\"filesize\":135164},\"medium_large\":{\"file\":\"amaliebeer-768x1019.jpg\",\"width\":768,\"height\":1019,\"mime-type\":\"image\\\/jpeg\",\"filesize\":133328},\"small\":{\"file\":\"amaliebeer-332x440.jpg\",\"width\":332,\"height\":440,\"mime-type\":\"image\\\/jpeg\",\"filesize\":34532},\"semi\":{\"file\":\"amaliebeer-437x580.jpg\",\"width\":437,\"height\":580,\"mime-type\":\"image\\\/jpeg\",\"filesize\":54406},\"mobile\":{\"file\":\"amaliebeer-543x720.jpg\",\"width\":543,\"height\":720,\"mime-type\":\"image\\\/jpeg\",\"filesize\":77633},\"hd\":{\"file\":\"amaliebeer-965x1280.jpg\",\"width\":965,\"height\":1280,\"mime-type\":\"image\\\/jpeg\",\"filesize\":188380},\"original\":{\"file\":\"amaliebeer.jpg\",\"width\":973,\"height\":1291}},\n\t\t\t\t\"alt\" : \"Johann Karl Kretschmar: Portrait Amalie Beer, um 1803\",\n\t\t\t\t\"path\" : \"\\\/wp-content\\\/uploads\\\/2022\\\/11\\\/\",\n\t\t\t\t\"video\" : null,\n\t\t\t\t\"autoplay\" : null,\n\t\t\t\t\"youtube\" : null,\n\t\t\t\t\"youtubelabel\" : \"play\",\n\t\t\t\t\"brightness\" : 100,\n\t\t\t\t\"crop\" : {\"x\":0.5,\"y\":0.5},\n\t\t\t\t\"background\" : true,\n\t\t\t\t\"scale\" : 2,\n\t\t\t\t\"zoom\" : false,\n\t\t\t\t\"annotations\" : null\t\t\t\t}\n\t\t\t<\/script>\n\t\t\t\t<div class=\"height-container\" style=\"padding-bottom:132.68242548818%;  \" v-if=\"sizes\">\n\t\t\t\t\t<lazy-media :inline=\"true\" :alt=\"alt\" :sizes=\"sizes\" :scale=\"scale\" :zoom=\"zoom\" :brightness=\"brightness\" :path=\"path\" :video=\"video\" :autoplay=\"autoplay\" :youtube=\"youtube\" :crop=\"crop\" :youtubelabel=\"youtubelabel\" :annotations=\"annotations\" :background=\"background\"><\/lazy-media>\n\n\t\t\t\t\t\t\t\t\t\t\t<figcaption class=\"lazy-info-on-grid \">\n\t\t\t\t\t\t\t<div class=\"figcaption-wrapper\">\n\t\t\t\t\t\t\t\t\t\t\t\t\t\t\t\t\t<div class=\"lazy-media-image-label\">Johann Karl Kretschmar: Portrait of Amalie Beer, c. 1803<\/div>\n\t\t\t\t\t\t\t\t\t\t\t\t\t\t\t\t\t\t\t\t\t\t\t\t\t<div class=\"lazy-media-image-description\">\u00a9 Stadtmuseum Berlin <\/div>\n\t\t\t\t\t\t\t\t\t\t\t\t\t\t\t<\/div>\n\t\t\t\t\t\t<\/figcaption>\n\t\t\t\t\t\t\t\t\t<\/div>\n\n\t\t\t\t\t\t\t<\/figure>\n\t\t<\/lazy-media-inline>\n\t\t\t\t\t\t\t<\/div>\n\t\t\t\t<\/div>\n\t\t\t\t<div class=\"col-xs-12 col-md-5 col-md-offset-1 first-xs margin-bottom-third  block-header-article--text\">\n\t\t\t\t\t<div class=\"box\">\n\t\t\t\t\t\t<h1 class=\"zeplin-subHead01 margin-bottom-sixth\">Brandenburg.Ausstellung<\/h1>\n\t\t\t\t\t<\/div>\n\t\t\t\t\t<div class=\"box\">\n\t\t\t\t\t\t<div class=\"copy margin-bottom-third\">\n\t\t\t\t\t\t\t<p>The newly conceived Brandenburg.Ausstellung (Brandenburg.Exhibition) invites visitors on a journey through ten centuries of multifaceted regional history. A long-term lender to the permanent exhibition in the Haus der Brandenburgisch-Preu\u00dfischen Geschichte, the Stadtmuseum Berlin is once again contributing numerous objects from its collections.<\/p>\n\t\t\t\t\t\t<\/div>\n\t\t\t\t\t<\/div>\n\t\t\t\t\t\n\t\t\t\t\t<div class=\"block-header-article-small-image-wrapper has-highlight-color\">\n\t\t\t\t\t\t\t\t<a href=\"https:\/\/www.stadtmuseum.de\/en\/autor\/melanie-huber-2\" class=\"author-view box\">\n\t\t\t<span class=\"author-view-label zeplin-category\">by Melanie Huber<\/span>\n\t<\/a>\n\t\t\t\t\t\t<\/div>\n\t\t\t\t<\/div>\n\n\n\n\t\t\t\t\t<\/div>\n\t<\/div>\n<\/section>\n\n\n\n<section class=\"block block-headline has-highlight-color block-no-margin\" >\n\t<div class=\"container-fluid\">\n\t\t<div class=\"row\">\n\t\t\t\t\t\t<div class=\"col-xs-12 col-md-7\">\n\t\t\t\t<div class=\"box\">\n\t\t\t\t\t<h2 class=\"h3\">Permanent exhibition<\/h2>\n\t\t\t\t<\/div>\n\t\t\t<\/div>\n\t\t\t\t\t<\/div>\n\t<\/div>\n<\/section>\n\n\n<section class=\"block block-copy\">\n\t<div class=\"container-fluid\">\n\t\t<div class=\"row\">\n\t\t\t<div class=\"col-xs-12 col-md-7\">\n\t\t\t\t<div class=\"copy\">\n\t\t\t\t\t<p>Far from being a permanent exhibition in the classic sense, <em>Brandenburg.Ausstellung<\/em> offers new perspectives on the past by asking questions from the present. It tells the story of Brandenburg through the eyes of the citizens themselves: their history, their experiences, their stories. <em>Brandenburg.Ausstellung <\/em>offers space for updates, discussion, intervention and participation.<br><br>The 14-chapter exhibition tour opens with a\u00a0<em>Brandenburg.Panorama<\/em>, which features introductory films on the political history of Brandenburg-Prussia and on Brandenburg\u2019s history of migration. In addition to 228 original objects from 72 lenders, the exhibition features ten large-format thematic maps of Brandenburg\u2019s historical landscape, ten video sequences with \u2018living portraits\u2019 of historical personalities and ten media stations with informative video and audio, historical documents and games. The #menschbrandenburg format introduces contemporary civil society initiatives into the exhibition&#8217;s historical narrative.<\/p>\n\t\t\t\t<\/div>\n\t\t\t<\/div>\n\t\t<\/div>\n\t<\/div>\n<\/section>\n\n\n<section class=\"block block-headline has-default-color block-no-margin\" >\n\t<div class=\"container-fluid\">\n\t\t<div class=\"row\">\n\t\t\t\t\t\t<div class=\"col-xs-12 col-md-7 col-md-offset-5\">\n\t\t\t\t<div class=\"box\">\n\t\t\t\t\t<h2 class=\"h3\">Loans from the Stadtmuseum Berlin<\/h2>\n\t\t\t\t<\/div>\n\t\t\t<\/div>\n\t\t\t\t\t<\/div>\n\t<\/div>\n<\/section>\n\n\n<section class=\"block block-copy\">\n\t<div class=\"container-fluid\">\n\t\t<div class=\"row\">\n\t\t\t<div class=\"col-xs-12 col-md-7 col-md-offset-5\">\n\t\t\t\t<div class=\"copy\">\n\t\t\t\t\t<p><em>Brandenburg.Ausstellung <\/em>provides an overview of Brandenburg\u2019s cultural history from the Middle Ages to the present day in around 300 exhibits. The Stadtmuseum Berlin contributed seven paintings from its collection. The &#8220;Portrait of Amalie Beer&#8221; by Johann Karl Kretschmar, painted around 1803, is on loan in Potsdam thanks to the Hans and Luise Richter Foundation. The &#8220;Portrait of King Frederick I in Prussia&#8221; also features in the new permanent exhibition.<\/p>\n\t\t\t\t<\/div>\n\t\t\t<\/div>\n\t\t<\/div>\n\t<\/div>\n<\/section>\n\n\n<section class=\"block block-standard-image-copy  align-left\" data-parallax='{\"child\":\".motion-image\",\"mask\":\".row\",\"full\":{\"y\": [5,-5]}}' id=\"sticky_69f3acffea51a\">\n\t<div class=\"container-fluid\" data-parallax='{\"child\":\".row\",\"mask\":\".motion-image\",\"in\":{\"scale\": [1.1,1.1],\"opacity\": [0,0]},\"center\":{\"scale\": [1.1,1],\"opacity\": [0,1],\"ease\":\"sine.out\"},\"out\":{\"opacity\": [1,0]}}'>\n\t\t<div class=\"row\">\n\t\t\t\t\t\t\t<div class=\"col-xs-12 col-md-7\">\n\t\t\t\t\t<div class=\"padding-bottom-minimal padding-top-minimal\" >\n\t\t\t\t\t\t\n\t\t<lazy-media-inline inline-template data-id=\"10577\">\n\t\t\t<figure itemscope itemtype=\"http:\/\/schema.org\/ImageObject\" class=\"lazy-media-inline \" role=\"group\" id=\"media_69f3acffea89c\">\n\t\t\t\t<script type=\"application\/json\" ref=\"data\">\n\t\t\t\t{\n\t\t\t\t\"sizes\" : {\"medium\":{\"file\":\"friedrichi_preussen-232x300.jpg\",\"width\":232,\"height\":300,\"mime-type\":\"image\\\/jpeg\",\"filesize\":12747},\"small\":{\"file\":\"friedrichi_preussen-340x440.jpg\",\"width\":340,\"height\":440,\"mime-type\":\"image\\\/jpeg\",\"filesize\":23766},\"semi\":{\"file\":\"friedrichi_preussen-449x580.jpg\",\"width\":449,\"height\":580,\"mime-type\":\"image\\\/jpeg\",\"filesize\":38693},\"original\":{\"file\":\"friedrichi_preussen.jpg\",\"width\":464,\"height\":600}},\n\t\t\t\t\"alt\" : \"Unbekannter K\\u00fcnstler: Bildnis K\\u00f6nig Friedrich I. in Preu\\u00dfen, nach 1701\",\n\t\t\t\t\"path\" : \"\\\/wp-content\\\/uploads\\\/2022\\\/11\\\/\",\n\t\t\t\t\"video\" : null,\n\t\t\t\t\"autoplay\" : null,\n\t\t\t\t\"youtube\" : null,\n\t\t\t\t\"youtubelabel\" : \"play\",\n\t\t\t\t\"brightness\" : 100,\n\t\t\t\t\"crop\" : null,\n\t\t\t\t\"background\" : false,\n\t\t\t\t\"scale\" : 1,\n\t\t\t\t\"zoom\" : false,\n\t\t\t\t\"annotations\" : null\t\t\t\t}\n\t\t\t<\/script>\n\t\t\t\t<div class=\"height-container\" style=\"padding-bottom:129.31034482759%;  \" v-if=\"sizes\">\n\t\t\t\t\t<lazy-media :inline=\"true\" :alt=\"alt\" :sizes=\"sizes\" :scale=\"scale\" :zoom=\"zoom\" :brightness=\"brightness\" :path=\"path\" :video=\"video\" :autoplay=\"autoplay\" :youtube=\"youtube\" :crop=\"crop\" :youtubelabel=\"youtubelabel\" :annotations=\"annotations\" :background=\"background\"><\/lazy-media>\n\n\t\t\t\t\t\t\t\t\t<\/div>\n\n\t\t\t\t\n\t\t\t\t\n\n\n\t\t\t\t\t\t\t\t\t\t<figcaption class=\"\">\n\t\t\t\t\t\t\t\t\t\t\t\t\t\t\t<div class=\"lazy-media-image-label\">Unknown artist: Portrait of King Frederick I in Prussia, after 1701<\/div>\n\t\t\t\t\t\t\t\t\t\t\t\t\t\t\t\t\t\t\t\t\t\t<div class=\"lazy-media-image-description\">\u00a9 Stadtmuseum Berlin <\/div>\n\t\t\t\t\t\t\t\t\t\t\t\t\t<\/figcaption>\n\t\t\t\t\t\t\t\t\t\n\t\t\t   \t\t\t\t\t\t\t<\/figure>\n\t\t<\/lazy-media-inline>\n\t\t\t\t\t\t\t<\/div>\n\t\t\t\t<\/div>\n\t\t\t\t<div class=\"col-xs-12 col-md-4 col-md-offset-1\">\n\t\t\t\t\t<div class=\"padding-bottom-minimal padding-top-minimal copy\" >\n\t\t\t\t\t\t\t\t\t\t\t\tKing Frederick I in Prussia (1657-1713) succeeded the Great Elector as Frederick III in 1688. In 1701 he crowned himself King of Prussia. The reconstruction of the castle began under his reign. King Frederick I is portrayed with the insignia of his new rank: in ceremonial armour, an ermine-trimmed purple cloak and the chain of the Order of the Black Eagle.<br><br>The tablecloth woven through with gold also shows the crown above the coat of arms of the Electorate of Brandenburg. King Frederick\u2019s pose is borrowed from a 1701 portrait of Louis XIV, whose pose became a standard for rulers throughout Europe.\t\t\t\t\t<\/div>\n\t\t\t\t<\/div>\n\t\t\t\t\t<\/div>\n\t<\/div>\n<\/section>\n\n\n<section class=\"block block-copy\">\n\t<div class=\"container-fluid\">\n\t\t<div class=\"row\">\n\t\t\t<div class=\"col-xs-12 col-md-7\">\n\t\t\t\t<div class=\"copy\">\n\t\t\t\t\t<p>Other works are on loan from the collections Childhood and Youth, Everyday Culture, Decorative Arts, Theatre, Music and Literature, Geology, Numismatics, Sculpture, Silver, Ceramics, Liturgy and Furniture. A selection can be found in the picture gallery.<\/p>\n\t\t\t\t<\/div>\n\t\t\t<\/div>\n\t\t<\/div>\n\t<\/div>\n<\/section>\n\n\n\n<section class=\"block block-gallery\">\n\t<block-gallery inline-template>\n\t\t<div :class=\"{ firstLoaded: firstLoaded }\">\n\t\t\t<script type=\"application\/json\" ref=\"data\">\n\t\t\t{\n\t\t\t\t\"images\" : [{\"id\":0,\"width\":825,\"height\":1000,\"alt\":\"Dampfspielzeug, ca. 1902\",\"title\":\"\",\"label\":\"This children's toy, a steam engine with a horizontal boiler and petroleum drive, was made around 1902.\",\"description\":\"\\u00a9 Stadtmuseum Berlin\",\"copyright\":\"\",\"path\":\"\\\/wp-content\\\/uploads\\\/2022\\\/11\\\/\",\"sizes\":{\"medium\":{\"file\":\"dampfspielzeug_um19007b91-248x300.jpg\",\"width\":248,\"height\":300,\"mime-type\":\"image\\\/jpeg\",\"filesize\":10743},\"thumbnail\":{\"file\":\"dampfspielzeug_um19007b91-150x150.jpg\",\"width\":150,\"height\":150,\"mime-type\":\"image\\\/jpeg\",\"filesize\":4944},\"medium_large\":{\"file\":\"dampfspielzeug_um19007b91-768x931.jpg\",\"width\":768,\"height\":931,\"mime-type\":\"image\\\/jpeg\",\"filesize\":69152},\"small\":{\"file\":\"dampfspielzeug_um19007b91-363x440.jpg\",\"width\":363,\"height\":440,\"mime-type\":\"image\\\/jpeg\",\"filesize\":20147},\"semi\":{\"file\":\"dampfspielzeug_um19007b91-479x580.jpg\",\"width\":479,\"height\":580,\"mime-type\":\"image\\\/jpeg\",\"filesize\":31783},\"mobile\":{\"file\":\"dampfspielzeug_um19007b91-594x720.jpg\",\"width\":594,\"height\":720,\"mime-type\":\"image\\\/jpeg\",\"filesize\":45685},\"original\":{\"file\":\"dampfspielzeug_um19007b91.jpg\",\"width\":825,\"height\":1000}}},{\"id\":1,\"width\":719,\"height\":1000,\"alt\":\"verzierter Holzstuhl mit Leders-Sitzfl&auml;che, h&ouml;lzernen Armlehnen und niedriger geflochtener R&uuml;ckenlehne.\",\"title\":\"\",\"label\":\"This desk chair belonged to the writer Theodor Fontane (1819-1898). It was built in the second half of the 19<sup>th<\\\/sup> century in Berlin\\\/Brandenburg and consists of oak veneer (edges), birch bottom (edges), solid oak, wickerwork and an inlaid cushion (careau pick\\u00e9) with artificial leather.\",\"description\":\"\\u00a9 Stadtmuseum Berlin\",\"copyright\":\"\",\"path\":\"\\\/wp-content\\\/uploads\\\/2022\\\/11\\\/\",\"sizes\":{\"medium\":{\"file\":\"schreibtischstuhl_theodorfontanee48d-216x300.jpg\",\"width\":216,\"height\":300,\"mime-type\":\"image\\\/jpeg\",\"filesize\":10666},\"thumbnail\":{\"file\":\"schreibtischstuhl_theodorfontanee48d-150x150.jpg\",\"width\":150,\"height\":150,\"mime-type\":\"image\\\/jpeg\",\"filesize\":5454},\"small\":{\"file\":\"schreibtischstuhl_theodorfontanee48d-316x440.jpg\",\"width\":316,\"height\":440,\"mime-type\":\"image\\\/jpeg\",\"filesize\":19172},\"semi\":{\"file\":\"schreibtischstuhl_theodorfontanee48d-417x580.jpg\",\"width\":417,\"height\":580,\"mime-type\":\"image\\\/jpeg\",\"filesize\":29885},\"mobile\":{\"file\":\"schreibtischstuhl_theodorfontanee48d-518x720.jpg\",\"width\":518,\"height\":720,\"mime-type\":\"image\\\/jpeg\",\"filesize\":42185},\"original\":{\"file\":\"schreibtischstuhl_theodorfontanee48d.jpg\",\"width\":719,\"height\":1000}}},{\"id\":2,\"width\":1490,\"height\":1000,\"alt\":\"Landschaft Gem&auml;lde von Walter Leistikow\",\"title\":\"\",\"label\":\"Walter Leistikow: <em>Das Bruch<\\\/em>, c. 1900 \\\/\\\/ Walter Leistikow (1865-1908) was a member of the <em>Verein der Berliner K\\u00fcnstler<\\\/em> (Association of Berlin artists). After the association rejected a painting by Edvard Munch in 1892, Leistikow, Max Liebermann and others founded the <em>Vereinigung der XI<\\\/em> (Association of the 11) in protest. The rejection of his painting <em>Der Grunewaldsee<\\\/em> by the jury of the <em>Gro\\u00dfe Berliner Kunstausstellung<\\\/em> \\u00a0(Greater Berlin Art Exhibition) in 1898 led to the founding of the Berlin Secession, for which he served as a member of the board until his death. In 1903, he co-founded the <em>Deutscher K\\u00fcnstlerbund <\\\/em>(Federation of German Artists). <em>Das Bruch<\\\/em> was painted during a productive phase that saw the artist turn away from the stylisation of nature towards a more naturalistic rendering.\",\"description\":\"\\u00a9 Stadtmuseum Berlin\",\"copyright\":\"\",\"path\":\"\\\/wp-content\\\/uploads\\\/2022\\\/11\\\/\",\"sizes\":{\"medium\":{\"file\":\"leistikow_dasbruch2ce6-300x201.jpg\",\"width\":300,\"height\":201,\"mime-type\":\"image\\\/jpeg\",\"filesize\":15749},\"large\":{\"file\":\"leistikow_dasbruch2ce6-1024x687.jpg\",\"width\":1024,\"height\":687,\"mime-type\":\"image\\\/jpeg\",\"filesize\":130186},\"thumbnail\":{\"file\":\"leistikow_dasbruch2ce6-150x150.jpg\",\"width\":150,\"height\":150,\"mime-type\":\"image\\\/jpeg\",\"filesize\":6589},\"medium_large\":{\"file\":\"leistikow_dasbruch2ce6-768x515.jpg\",\"width\":768,\"height\":515,\"mime-type\":\"image\\\/jpeg\",\"filesize\":80117},\"small\":{\"file\":\"leistikow_dasbruch2ce6-440x295.jpg\",\"width\":440,\"height\":295,\"mime-type\":\"image\\\/jpeg\",\"filesize\":30460},\"semi\":{\"file\":\"leistikow_dasbruch2ce6-580x389.jpg\",\"width\":580,\"height\":389,\"mime-type\":\"image\\\/jpeg\",\"filesize\":49645},\"mobile\":{\"file\":\"leistikow_dasbruch2ce6-720x483.jpg\",\"width\":720,\"height\":483,\"mime-type\":\"image\\\/jpeg\",\"filesize\":71728},\"hd\":{\"file\":\"leistikow_dasbruch2ce6-1280x859.jpg\",\"width\":1280,\"height\":859,\"mime-type\":\"image\\\/jpeg\",\"filesize\":184836},\"original\":{\"file\":\"leistikow_dasbruch2ce6.jpg\",\"width\":1490,\"height\":1000}}},{\"id\":3,\"width\":743,\"height\":1000,\"alt\":\"Burstharnisch f&uuml;r Kinder um 1900\",\"title\":\"\",\"label\":\"This cuirass (breastplate) was made as a children\\u2019s toy around 1900. It is made of tinplate, leather and brass. The armour is modelled after the armour of the Gardes du Corps, a cuirassier regiment of the Prussian Army. The regiment was raised by Frederick II of Prussia in 1740, increased to three squadrons in 1756, and led as the 13<sup>th<\\\/sup> Cuirassier Regiment. It existed until after the First World War.\",\"description\":\"\\u00a9 Stadtmuseum Berlin\",\"copyright\":\"\",\"path\":\"\\\/wp-content\\\/uploads\\\/2022\\\/11\\\/\",\"sizes\":{\"medium\":{\"file\":\"gardducorps_kuerasskinder_1900ba87-223x300.jpg\",\"width\":223,\"height\":300,\"mime-type\":\"image\\\/jpeg\",\"filesize\":11441},\"thumbnail\":{\"file\":\"gardducorps_kuerasskinder_1900ba87-150x150.jpg\",\"width\":150,\"height\":150,\"mime-type\":\"image\\\/jpeg\",\"filesize\":5276},\"small\":{\"file\":\"gardducorps_kuerasskinder_1900ba87-327x440.jpg\",\"width\":327,\"height\":440,\"mime-type\":\"image\\\/jpeg\",\"filesize\":20722},\"semi\":{\"file\":\"gardducorps_kuerasskinder_1900ba87-431x580.jpg\",\"width\":431,\"height\":580,\"mime-type\":\"image\\\/jpeg\",\"filesize\":32138},\"mobile\":{\"file\":\"gardducorps_kuerasskinder_1900ba87-535x720.jpg\",\"width\":535,\"height\":720,\"mime-type\":\"image\\\/jpeg\",\"filesize\":45408},\"original\":{\"file\":\"gardducorps_kuerasskinder_1900ba87.jpg\",\"width\":743,\"height\":1000}}},{\"id\":4,\"width\":750,\"height\":1000,\"alt\":\"Helm f&uuml;r Kinder um 1900\",\"title\":\"\",\"label\":\"This helmet was made as a children\\u2019s toy around 1900. It is made of tinplate, leather and brass. The armour is modelled after the armour of the Gardes du Corps, a cuirassier regiment of the Prussian Army. The regiment was raised by Frederick II of Prussia in 1740, increased to three squadrons in 1756, and led as the 13<sup>th<\\\/sup> Cuirassier Regiment. It existed until after the First World War.\",\"description\":\"\\u00a9 Stadtmuseum Berlin\",\"copyright\":\"\",\"path\":\"\\\/wp-content\\\/uploads\\\/2022\\\/11\\\/\",\"sizes\":{\"medium\":{\"file\":\"gardducorps_helmkinder_19002523-225x300.jpg\",\"width\":225,\"height\":300,\"mime-type\":\"image\\\/jpeg\",\"filesize\":9679},\"thumbnail\":{\"file\":\"gardducorps_helmkinder_19002523-150x150.jpg\",\"width\":150,\"height\":150,\"mime-type\":\"image\\\/jpeg\",\"filesize\":4626},\"small\":{\"file\":\"gardducorps_helmkinder_19002523-330x440.jpg\",\"width\":330,\"height\":440,\"mime-type\":\"image\\\/jpeg\",\"filesize\":17293},\"semi\":{\"file\":\"gardducorps_helmkinder_19002523-435x580.jpg\",\"width\":435,\"height\":580,\"mime-type\":\"image\\\/jpeg\",\"filesize\":26879},\"mobile\":{\"file\":\"gardducorps_helmkinder_19002523-540x720.jpg\",\"width\":540,\"height\":720,\"mime-type\":\"image\\\/jpeg\",\"filesize\":38096},\"original\":{\"file\":\"gardducorps_helmkinder_19002523.jpg\",\"width\":750,\"height\":1000}}}]\t\t\t}\n\t\t\t<\/script>\n\n\t\t\t<div class=\"carousel\">\n\t\t\t\t<div class=\"carousel-cell\" :key=\"image.id\" v-for=\"image in images\">\n\t\t\t\t\t<figure>\n\t\t\t\t\t\t<block-gallery-item inline-template :image=\"image\">\n\t\t\t\t\t\t\t<img :src=\"image.src\" :alt=\"image.alt\" @load=\"$parent.imageLoaded\">\n\t\t\t\t\t\t<\/block-gallery-item>\n\n\t\t\t\t\t\t<figcaption>\n\t\t\t\t\t\t\t<div class=\"lazy-media-image-label\" v-html=\"image.label\"><\/div>\n\t\t\t\t\t\t\t<div class=\"lazy-media-image-description\" v-html=\"image.description\"><\/div>\n\t\t\t\t\t\t<\/figcaption>\n\t\t\t\t\t<\/figure>\n\t\t\t\t<\/div>\n\t\t\t<\/div>\n\t\t<\/div>\n\t<\/block-gallery>\n<\/section>\n\n\n<section class=\"block block-copy\">\n\t<read-more inline-template>\n\t\t<div>\n\t\t\t<content-reveal :open=\"active\">\n\t\t\t\t<div class=\"container-fluid\">\n\t\t\t\t\t<div class=\"row\">\n\t\t\t\t\t\t<div class=\"col-xs-12 col-md-7\">\n\t\t\t\t\t\t\t<div class=\"copy\">\n\t\t\t\t\t\t\t\t<p>Information on the exhibition is taken with kind permission from the presentation at the Haus der Brandenburgisch-Preu\u00dfischen Geschichte. Information about the loans is given courtesy of Randy-Noreen Rathenow, staff member of the Toy, Childhood and Youth Collection; Annette Bossmann, Head of the Painting Collection, as well as from the Online Collection.<\/p>\n\t\t\t\t\t\t\t<\/div>\n\t\t\t\t\t\t<\/div>\n\t\t\t\t\t<\/div>\n\t\t\t\t<\/div>\n\t\t\t<\/content-reveal>\n\t\t\t<div class=\"container-fluid\">\n\t\t\t\t<div class=\"row\">\n\t\t\t\t\t<div class=\"col-xs-12 col-md-7\">\n\t\t\t\t\t\t<button ref=\"toggleButton\" @click=\"toggle\" class=\"ho-button\">\n\t\t\t\t\t\t\t<span class=\"ho-button-label font-bold\" v-if=\"!active\">\n\t\t\t\t\t\t\t\tRead more\t\t\t\t\t\t\t<\/span>\n\t\t\t\t\t\t\t<span class=\"ho-button-label font-bold\"  v-if=\"active\">\n\t\t\t\t\t\t\t\tRead less\t\t\t\t\t\t\t<\/span>\n\t\t\t\t\t\t<\/button>\n\t\t\t\t\t<\/div>\n\t\t\t\t<\/div>\n\t\t\t<\/div>\n\t\t<\/div>\n\t<\/read-more>\n<\/section>\n\n\n\n<section class=\"block block-buttons block-buttons-callToAction\">\n\t<div class=\"container-fluid\">\n\t\t<div class=\"row\">\n\t\t\t<div class=\"col-xs-12 center-xs block-buttons-wrapper\">\n\t\t\t\t\n<div class='ho-button-group' >\n\n<div class=\"block-buttons-item\">\n<a href=\"https:\/\/gesellschaft-kultur-geschichte.de\/\" target=\"_blank\" class=\"ho-button is-large is-secondary\">\n<span class=\"ho-button-label\">\n\tExhibition website<\/span>\n<\/a>\n<\/div>\n<\/div>\n\t\t\t<\/div>\n\t\t<\/div>\n\t<\/div>\n<\/section>\n\n\n<section class=\"block block-copy-service\" >\n\t<div class=\"container-fluid\">\n\t\t<div class=\"row\">\n\t\t\t<div class=\"col-xs-12 col-md-8 padding-top-sixth margin-bottom-sixth\">\n\t\t\t\t<div class=\"box\">\n\t\t\t\t\t<div class=\"copy editor\">\n\t\t\t\t\t\t<p class=\"zeplin-subHead02\">Exhibition venue<\/p>\n\t\t\t\t\t<\/div>\n\t\t\t\t<\/div>\n\t\t\t<\/div>\n\t\t\t<div class=\"col-xs-12 col-md-3 col-md-offset-1 padding-top-sixth\">\n\t\t\t\t<div class=\"box margin-bottom-sixth \">\n\t\t\t\t\t<p class=\"zeplin-copySmall\"><strong>Location<\/strong><br>Haus der Brandenburgisch-Preu\u00dfischen Geschichte<br>Kutschstall, Am Neuen Markt 9<br>14467 Potsdam<\/p>\n\t\t\t\t<\/div>\n\n\n\n\t\t\t\t\t\t\t<\/div>\n\t\t<\/div>\n\t<\/div>\n<\/section>\n\n\n<section class=\"block block-teaser dont-filter block-teaser-page \" style=\"background-color: #FFFFFF\">\n\n\t\t\t<div class=\"container-fluid copy padding-bottom-third\">\n\t\t\t<h2 class=\"zeplin-subHead02\">Mehr erfahren<\/h2>\n\t\t\t\t\t<\/div>\n\t\n\t\t\n\t\t\t<teaser-lane-with-buttons>\n\t\t\t<div class=\"teaser-lane-wrapper\">\n\t\t\t\t<ul class=\"teaser-lane\">\n\t\t\t\t<li class=\"col-xs-8 col-sm-4 col-md-3 teaser-lane-slide teaser-page col-padding-remove teaser-page teaser-type-standard teaser-col-lane\">\n\t<a href=\"https:\/\/www.stadtmuseum.de\/sammlung\/sammlungen\/sammlungen-alltagskultur__trashed\/spielzeugsammlung\" class=\"teaser\">\n\t\t<div>\n\t\t\t<div class=\"teaser-image\">\n\t\t\t\t\n\t\t<lazy-media-inline inline-template data-id=\"7245\">\n\t\t\t<figure itemscope itemtype=\"http:\/\/schema.org\/ImageObject\" class=\"lazy-media-inline \" role=\"group\" id=\"media_69f3acffee2f6\">\n\t\t\t\t<script type=\"application\/json\" ref=\"data\">\n\t\t\t\t{\n\t\t\t\t\"sizes\" : {\"medium\":{\"file\":\"altes-spielzeug-300x114.jpg\",\"width\":300,\"height\":114,\"mime-type\":\"image\\\/jpeg\",\"filesize\":7835},\"large\":{\"file\":\"altes-spielzeug-1024x389.jpg\",\"width\":1024,\"height\":389,\"mime-type\":\"image\\\/jpeg\",\"filesize\":47907},\"medium_large\":{\"file\":\"altes-spielzeug-768x291.jpg\",\"width\":768,\"height\":291,\"mime-type\":\"image\\\/jpeg\",\"filesize\":30951},\"1536x1536\":{\"file\":\"altes-spielzeug-1536x583.jpg\",\"width\":1536,\"height\":583,\"mime-type\":\"image\\\/jpeg\",\"filesize\":89023},\"small\":{\"file\":\"altes-spielzeug-440x167.jpg\",\"width\":440,\"height\":167,\"mime-type\":\"image\\\/jpeg\",\"filesize\":13505},\"semi\":{\"file\":\"altes-spielzeug-580x220.jpg\",\"width\":580,\"height\":220,\"mime-type\":\"image\\\/jpeg\",\"filesize\":20310},\"mobile\":{\"file\":\"altes-spielzeug-720x273.jpg\",\"width\":720,\"height\":273,\"mime-type\":\"image\\\/jpeg\",\"filesize\":28201},\"hd\":{\"file\":\"altes-spielzeug-1280x486.jpg\",\"width\":1280,\"height\":486,\"mime-type\":\"image\\\/jpeg\",\"filesize\":67674},\"full\":{\"file\":\"altes-spielzeug-1920x728.jpg\",\"width\":1920,\"height\":728,\"mime-type\":\"image\\\/jpeg\",\"filesize\":123872},\"original\":{\"file\":\"altes-spielzeug.jpg\",\"width\":1982,\"height\":752}},\n\t\t\t\t\"alt\" : \"\",\n\t\t\t\t\"path\" : \"\\\/wp-content\\\/uploads\\\/2022\\\/11\\\/\",\n\t\t\t\t\"video\" : null,\n\t\t\t\t\"autoplay\" : null,\n\t\t\t\t\"youtube\" : null,\n\t\t\t\t\"youtubelabel\" : \"play\",\n\t\t\t\t\"brightness\" : 100,\n\t\t\t\t\"crop\" : null,\n\t\t\t\t\"background\" : true,\n\t\t\t\t\"scale\" : 1,\n\t\t\t\t\"zoom\" : false,\n\t\t\t\t\"annotations\" : null\t\t\t\t}\n\t\t\t<\/script>\n\t\t\t\t<div class=\"height-container\" style=\"padding-bottom:54%;  \" v-if=\"sizes\">\n\t\t\t\t\t<lazy-media :inline=\"true\" :alt=\"alt\" :sizes=\"sizes\" :scale=\"scale\" :zoom=\"zoom\" :brightness=\"brightness\" :path=\"path\" :video=\"video\" :autoplay=\"autoplay\" :youtube=\"youtube\" :crop=\"crop\" :youtubelabel=\"youtubelabel\" :annotations=\"annotations\" :background=\"background\"><\/lazy-media>\n\n\t\t\t\t\t\t\t\t\t<\/div>\n\n\t\t\t\t\n\t\t\t\t\n\n\n\t\t\t\t\n\t\t\t   \t\t\t\t\t\t\t<\/figure>\n\t\t<\/lazy-media-inline>\n\t\t\t\t\t<\/div>\n\t\t\t<div class=\"teaser-copy\">\n\t\t\t\t<div>\n\t\t\t\t\t<div class=\"teaser-header padding-top-sixth\"><div><h3 class=\"zeplin-teaserHeadline-S\">Spielzeugsammlung<\/h3><\/div><\/div>\n\t\t\t\t\t<div class=\"copy\"><div class=\"padding-top-minimal\"><p class=\"zeplin-copySmall\">Mit rund 70.000 Objekten z\u00e4hlt die Spielzeugsammlung zu den gr\u00f6\u00dften in Deutschland. Die vielen Spielsachen Berliner Familien Firmen illustrieren die Geschichte der Stadt.<\/p><\/div><div class=\"padding-top-sixth\"><span class=\"zeplin-metadata has-highlight-color\">More<\/span><\/div><\/div>\n\t\t\t\t<\/div>\n\t\t\t<\/div>\n\t\t<\/div>\n\t<\/a>\n<\/li><li class=\"col-xs-8 col-sm-4 col-md-3 teaser-lane-slide teaser-page col-padding-remove teaser-page teaser-type-standard teaser-col-lane\">\n\t<a href=\"https:\/\/www.stadtmuseum.de\/sammlung\/sammlungen\/sammlungen-berlin-in-der-kunst__trashed\/gemaeldesammlung\" class=\"teaser\">\n\t\t<div>\n\t\t\t<div class=\"teaser-image\">\n\t\t\t\t\n\t\t<lazy-media-inline inline-template data-id=\"7209\">\n\t\t\t<figure itemscope itemtype=\"http:\/\/schema.org\/ImageObject\" class=\"lazy-media-inline \" role=\"group\" id=\"media_69f3acffeeda8\">\n\t\t\t\t<script type=\"application\/json\" ref=\"data\">\n\t\t\t\t{\n\t\t\t\t\"sizes\" : {\"medium\":{\"file\":\"sammlung_gemaelde_02_walterleistikow-abendstimmungschlachtensee_gem-68-16_bartsch-300x233.jpg\",\"width\":300,\"height\":233,\"mime-type\":\"image\\\/jpeg\",\"filesize\":16809},\"large\":{\"file\":\"sammlung_gemaelde_02_walterleistikow-abendstimmungschlachtensee_gem-68-16_bartsch-1024x797.jpg\",\"width\":1024,\"height\":797,\"mime-type\":\"image\\\/jpeg\",\"filesize\":156800},\"medium_large\":{\"file\":\"sammlung_gemaelde_02_walterleistikow-abendstimmungschlachtensee_gem-68-16_bartsch-768x598.jpg\",\"width\":768,\"height\":598,\"mime-type\":\"image\\\/jpeg\",\"filesize\":89814},\"1536x1536\":{\"file\":\"sammlung_gemaelde_02_walterleistikow-abendstimmungschlachtensee_gem-68-16_bartsch-1536x1195.jpg\",\"width\":1536,\"height\":1195,\"mime-type\":\"image\\\/jpeg\",\"filesize\":343669},\"small\":{\"file\":\"sammlung_gemaelde_02_walterleistikow-abendstimmungschlachtensee_gem-68-16_bartsch-440x342.jpg\",\"width\":440,\"height\":342,\"mime-type\":\"image\\\/jpeg\",\"filesize\":32212},\"semi\":{\"file\":\"sammlung_gemaelde_02_walterleistikow-abendstimmungschlachtensee_gem-68-16_bartsch-580x451.jpg\",\"width\":580,\"height\":451,\"mime-type\":\"image\\\/jpeg\",\"filesize\":53206},\"mobile\":{\"file\":\"sammlung_gemaelde_02_walterleistikow-abendstimmungschlachtensee_gem-68-16_bartsch-720x560.jpg\",\"width\":720,\"height\":560,\"mime-type\":\"image\\\/jpeg\",\"filesize\":78937},\"hd\":{\"file\":\"sammlung_gemaelde_02_walterleistikow-abendstimmungschlachtensee_gem-68-16_bartsch-1280x996.jpg\",\"width\":1280,\"height\":996,\"mime-type\":\"image\\\/jpeg\",\"filesize\":242593},\"full\":{\"file\":\"sammlung_gemaelde_02_walterleistikow-abendstimmungschlachtensee_gem-68-16_bartsch-1920x1494.jpg\",\"width\":1920,\"height\":1494,\"mime-type\":\"image\\\/jpeg\",\"filesize\":520248},\"original\":{\"file\":\"sammlung_gemaelde_02_walterleistikow-abendstimmungschlachtensee_gem-68-16_bartsch.jpg\",\"width\":2000,\"height\":1556}},\n\t\t\t\t\"alt\" : \"\",\n\t\t\t\t\"path\" : \"\\\/wp-content\\\/uploads\\\/2022\\\/11\\\/\",\n\t\t\t\t\"video\" : null,\n\t\t\t\t\"autoplay\" : null,\n\t\t\t\t\"youtube\" : null,\n\t\t\t\t\"youtubelabel\" : \"play\",\n\t\t\t\t\"brightness\" : 100,\n\t\t\t\t\"crop\" : null,\n\t\t\t\t\"background\" : true,\n\t\t\t\t\"scale\" : 1,\n\t\t\t\t\"zoom\" : false,\n\t\t\t\t\"annotations\" : null\t\t\t\t}\n\t\t\t<\/script>\n\t\t\t\t<div class=\"height-container\" style=\"padding-bottom:54%;  \" v-if=\"sizes\">\n\t\t\t\t\t<lazy-media :inline=\"true\" :alt=\"alt\" :sizes=\"sizes\" :scale=\"scale\" :zoom=\"zoom\" :brightness=\"brightness\" :path=\"path\" :video=\"video\" :autoplay=\"autoplay\" :youtube=\"youtube\" :crop=\"crop\" :youtubelabel=\"youtubelabel\" :annotations=\"annotations\" :background=\"background\"><\/lazy-media>\n\n\t\t\t\t\t\t\t\t\t<\/div>\n\n\t\t\t\t\n\t\t\t\t\n\n\n\t\t\t\t\n\t\t\t   \t\t\t\t\t\t\t<\/figure>\n\t\t<\/lazy-media-inline>\n\t\t\t\t\t<\/div>\n\t\t\t<div class=\"teaser-copy\">\n\t\t\t\t<div>\n\t\t\t\t\t<div class=\"teaser-header padding-top-sixth\"><div><h3 class=\"zeplin-teaserHeadline-S\">Gem\u00e4ldesammlung<\/h3><\/div><\/div>\n\t\t\t\t\t<div class=\"copy\"><div class=\"padding-top-minimal\"><p class=\"zeplin-copySmall\">Zur Sammlung geh\u00f6ren etwa 2.800 Gem\u00e4lde\nvom 17. Jahrhundert bis zur Gegenwart.\nDer Schwerpunkt liegt auf dem 19. und 20. Jahrhundert.<\/p><\/div><div class=\"padding-top-sixth\"><span class=\"zeplin-metadata has-highlight-color\">More<\/span><\/div><\/div>\n\t\t\t\t<\/div>\n\t\t\t<\/div>\n\t\t<\/div>\n\t<\/a>\n<\/li><li class=\"col-xs-8 col-sm-4 col-md-3 teaser-lane-slide teaser-page col-padding-remove teaser-page teaser-type-standard teaser-col-lane\">\n\t<a href=\"https:\/\/www.stadtmuseum.de\/sammlung\/sammlungen\/stadt-und-landesgeschichte__trashed\/hans-und-luise-richter-stiftung\" class=\"teaser\">\n\t\t<div>\n\t\t\t<div class=\"teaser-image\">\n\t\t\t\t\n\t\t<lazy-media-inline inline-template data-id=\"7195\">\n\t\t\t<figure itemscope itemtype=\"http:\/\/schema.org\/ImageObject\" class=\"lazy-media-inline \" role=\"group\" id=\"media_69f3acffef3cd\">\n\t\t\t\t<script type=\"application\/json\" ref=\"data\">\n\t\t\t\t{\n\t\t\t\t\"sizes\" : {\"medium\":{\"file\":\"cornelie-richter-mit-soehnen-300x210.jpg\",\"width\":300,\"height\":210,\"mime-type\":\"image\\\/jpeg\",\"filesize\":19075},\"large\":{\"file\":\"cornelie-richter-mit-soehnen-1024x717.jpg\",\"width\":1024,\"height\":717,\"mime-type\":\"image\\\/jpeg\",\"filesize\":156498},\"medium_large\":{\"file\":\"cornelie-richter-mit-soehnen-768x538.jpg\",\"width\":768,\"height\":538,\"mime-type\":\"image\\\/jpeg\",\"filesize\":98656},\"1536x1536\":{\"file\":\"cornelie-richter-mit-soehnen-1536x1075.jpg\",\"width\":1536,\"height\":1075,\"mime-type\":\"image\\\/jpeg\",\"filesize\":293177},\"small\":{\"file\":\"cornelie-richter-mit-soehnen-440x308.jpg\",\"width\":440,\"height\":308,\"mime-type\":\"image\\\/jpeg\",\"filesize\":37862},\"semi\":{\"file\":\"cornelie-richter-mit-soehnen-580x406.jpg\",\"width\":580,\"height\":406,\"mime-type\":\"image\\\/jpeg\",\"filesize\":61728},\"mobile\":{\"file\":\"cornelie-richter-mit-soehnen-720x504.jpg\",\"width\":720,\"height\":504,\"mime-type\":\"image\\\/jpeg\",\"filesize\":88303},\"hd\":{\"file\":\"cornelie-richter-mit-soehnen-1280x896.jpg\",\"width\":1280,\"height\":896,\"mime-type\":\"image\\\/jpeg\",\"filesize\":221095},\"full\":{\"file\":\"cornelie-richter-mit-soehnen-1920x1344.jpg\",\"width\":1920,\"height\":1344,\"mime-type\":\"image\\\/jpeg\",\"filesize\":405900},\"original\":{\"file\":\"cornelie-richter-mit-soehnen.jpg\",\"width\":2000,\"height\":1400}},\n\t\t\t\t\"alt\" : \"Cornelie Richter (3. von rechts) mit ihren S\\u00f6hnen Gustav, Raoul, Reinhold und Hans Richter, 1900\",\n\t\t\t\t\"path\" : \"\\\/wp-content\\\/uploads\\\/2022\\\/11\\\/\",\n\t\t\t\t\"video\" : null,\n\t\t\t\t\"autoplay\" : null,\n\t\t\t\t\"youtube\" : null,\n\t\t\t\t\"youtubelabel\" : \"play\",\n\t\t\t\t\"brightness\" : 100,\n\t\t\t\t\"crop\" : null,\n\t\t\t\t\"background\" : true,\n\t\t\t\t\"scale\" : 1,\n\t\t\t\t\"zoom\" : false,\n\t\t\t\t\"annotations\" : null\t\t\t\t}\n\t\t\t<\/script>\n\t\t\t\t<div class=\"height-container\" style=\"padding-bottom:54%;  \" v-if=\"sizes\">\n\t\t\t\t\t<lazy-media :inline=\"true\" :alt=\"alt\" :sizes=\"sizes\" :scale=\"scale\" :zoom=\"zoom\" :brightness=\"brightness\" :path=\"path\" :video=\"video\" :autoplay=\"autoplay\" :youtube=\"youtube\" :crop=\"crop\" :youtubelabel=\"youtubelabel\" :annotations=\"annotations\" :background=\"background\"><\/lazy-media>\n\n\t\t\t\t\t\t\t\t\t<\/div>\n\n\t\t\t\t\n\t\t\t\t\n\n\n\t\t\t\t\n\t\t\t   \t\t\t\t\t\t\t<\/figure>\n\t\t<\/lazy-media-inline>\n\t\t\t\t\t<\/div>\n\t\t\t<div class=\"teaser-copy\">\n\t\t\t\t<div>\n\t\t\t\t\t<div class=\"teaser-header padding-top-sixth\"><div><h3 class=\"zeplin-teaserHeadline-S\">Hans-und-Luise-Richter-Stiftung<\/h3><\/div><\/div>\n\t\t\t\t\t<div class=\"copy\"><div class=\"padding-top-minimal\"><p class=\"zeplin-copySmall\">Das Stadtmuseum Berlin bewahrt wesentliche Teile aus dem Nachlass der Familie Beer-Meyerbeer-Richter, die das geistige und wirtschaftliche Leben Berlins nachhaltig gepr\u00e4gt hat.<\/p><\/div><div class=\"padding-top-sixth\"><span class=\"zeplin-metadata has-highlight-color\">More<\/span><\/div><\/div>\n\t\t\t\t<\/div>\n\t\t\t<\/div>\n\t\t<\/div>\n\t<\/a>\n<\/li><li class=\"col-xs-8 col-sm-4 col-md-3 teaser-lane-slide teaser-page col-padding-remove teaser-page teaser-type-standard teaser-col-lane\">\n\t<a href=\"https:\/\/www.stadtmuseum.de\/sammlung\/sammlungen\/sammlungen-kunstgewerbe__trashed\/moebelsammlung\" class=\"teaser\">\n\t\t<div>\n\t\t\t<div class=\"teaser-image\">\n\t\t\t\t\n\t\t<lazy-media-inline inline-template data-id=\"3672\">\n\t\t\t<figure itemscope itemtype=\"http:\/\/schema.org\/ImageObject\" class=\"lazy-media-inline \" role=\"group\" id=\"media_69f3acffefe99\">\n\t\t\t\t<script type=\"application\/json\" ref=\"data\">\n\t\t\t\t{\n\t\t\t\t\"sizes\" : {\"medium\":{\"file\":\"Chaiselongue319_StefanPetri-300x204.jpg\",\"width\":300,\"height\":204,\"mime-type\":\"image\\\/jpeg\",\"filesize\":9691},\"large\":{\"file\":\"Chaiselongue319_StefanPetri-1024x697.jpg\",\"width\":1024,\"height\":697,\"mime-type\":\"image\\\/jpeg\",\"filesize\":73226},\"medium_large\":{\"file\":\"Chaiselongue319_StefanPetri-768x523.jpg\",\"width\":768,\"height\":523,\"mime-type\":\"image\\\/jpeg\",\"filesize\":44781},\"1536x1536\":{\"file\":\"Chaiselongue319_StefanPetri-1536x1046.jpg\",\"width\":1536,\"height\":1046,\"mime-type\":\"image\\\/jpeg\",\"filesize\":146839},\"small\":{\"file\":\"Chaiselongue319_StefanPetri-440x300.jpg\",\"width\":440,\"height\":300,\"mime-type\":\"image\\\/jpeg\",\"filesize\":17796},\"semi\":{\"file\":\"Chaiselongue319_StefanPetri-580x395.jpg\",\"width\":580,\"height\":395,\"mime-type\":\"image\\\/jpeg\",\"filesize\":28021},\"mobile\":{\"file\":\"Chaiselongue319_StefanPetri-720x490.jpg\",\"width\":720,\"height\":490,\"mime-type\":\"image\\\/jpeg\",\"filesize\":40167},\"hd\":{\"file\":\"Chaiselongue319_StefanPetri-1280x872.jpg\",\"width\":1280,\"height\":872,\"mime-type\":\"image\\\/jpeg\",\"filesize\":107685},\"original\":{\"file\":\"Chaiselongue319_StefanPetri.jpg\",\"width\":1714,\"height\":1167}},\n\t\t\t\t\"alt\" : \"Zweiteiliger Sessel mit Fu\\u00dfbank, lindgr\\u00fcne Seide und vergoldete Delphine\",\n\t\t\t\t\"path\" : \"\\\/wp-content\\\/uploads\\\/2022\\\/10\\\/\",\n\t\t\t\t\"video\" : null,\n\t\t\t\t\"autoplay\" : null,\n\t\t\t\t\"youtube\" : null,\n\t\t\t\t\"youtubelabel\" : \"play\",\n\t\t\t\t\"brightness\" : 100,\n\t\t\t\t\"crop\" : null,\n\t\t\t\t\"background\" : true,\n\t\t\t\t\"scale\" : 1,\n\t\t\t\t\"zoom\" : false,\n\t\t\t\t\"annotations\" : null\t\t\t\t}\n\t\t\t<\/script>\n\t\t\t\t<div class=\"height-container\" style=\"padding-bottom:54%;  \" v-if=\"sizes\">\n\t\t\t\t\t<lazy-media :inline=\"true\" :alt=\"alt\" :sizes=\"sizes\" :scale=\"scale\" :zoom=\"zoom\" :brightness=\"brightness\" :path=\"path\" :video=\"video\" :autoplay=\"autoplay\" :youtube=\"youtube\" :crop=\"crop\" :youtubelabel=\"youtubelabel\" :annotations=\"annotations\" :background=\"background\"><\/lazy-media>\n\n\t\t\t\t\t\t\t\t\t<\/div>\n\n\t\t\t\t\n\t\t\t\t\n\n\n\t\t\t\t\n\t\t\t   \t\t\t\t\t\t\t<\/figure>\n\t\t<\/lazy-media-inline>\n\t\t\t\t\t<\/div>\n\t\t\t<div class=\"teaser-copy\">\n\t\t\t\t<div>\n\t\t\t\t\t<div class=\"teaser-header padding-top-sixth\"><div><h3 class=\"zeplin-teaserHeadline-S\">M\u00f6belsammlung<\/h3><\/div><\/div>\n\t\t\t\t\t<div class=\"copy\"><div class=\"padding-top-minimal\"><p class=\"zeplin-copySmall\">Die M\u00f6belsammlung repr\u00e4sentiert vor allem die M\u00f6belherstellung Norddeutschlands von der Mitte des 18. Jahrhunderts bis in die 1930er-Jahre.<\/p><\/div><div class=\"padding-top-sixth\"><span class=\"zeplin-metadata has-highlight-color\">More<\/span><\/div><\/div>\n\t\t\t\t<\/div>\n\t\t\t<\/div>\n\t\t<\/div>\n\t<\/a>\n<\/li>\t\t\t\t<\/ul>\n\t\t\t<\/div>\n\t\t<\/teaser-lane-with-buttons>\n\t\n\t<\/section>\n","protected":false},"excerpt":{"rendered":"<p>The newly conceived Brandenburg.Ausstellung (Brandenburg.Exhibition) invites visitors on a journey through ten centuries of multifaceted regional history. A long-term lender to the permanent exhibition in the Haus der Brandenburgisch-Preu\u00dfischen Geschichte, the Stadtmuseum Berlin is once again contributing numerous objects from its collections.<\/p>\n","protected":false},"featured_media":10578,"template":"","ho_author":[189],"ho_category":[149,295,257],"acf":[],"_links":{"self":[{"href":"https:\/\/www.stadtmuseum.de\/en\/wp-json\/wp\/v2\/article\/12345"}],"collection":[{"href":"https:\/\/www.stadtmuseum.de\/en\/wp-json\/wp\/v2\/article"}],"about":[{"href":"https:\/\/www.stadtmuseum.de\/en\/wp-json\/wp\/v2\/types\/article"}],"version-history":[{"count":0,"href":"https:\/\/www.stadtmuseum.de\/en\/wp-json\/wp\/v2\/article\/12345\/revisions"}],"wp:featuredmedia":[{"embeddable":true,"href":"https:\/\/www.stadtmuseum.de\/en\/wp-json\/wp\/v2\/media\/10578"}],"wp:attachment":[{"href":"https:\/\/www.stadtmuseum.de\/en\/wp-json\/wp\/v2\/media?parent=12345"}],"wp:term":[{"taxonomy":"ho_author","embeddable":true,"href":"https:\/\/www.stadtmuseum.de\/en\/wp-json\/wp\/v2\/ho_author?post=12345"},{"taxonomy":"ho_category","embeddable":true,"href":"https:\/\/www.stadtmuseum.de\/en\/wp-json\/wp\/v2\/ho_category?post=12345"}],"curies":[{"name":"wp","href":"https:\/\/api.w.org\/{rel}","templated":true}]}}