{"id":52396,"date":"2024-07-30T17:30:52","date_gmt":"2024-07-30T15:30:52","guid":{"rendered":"https:\/\/www.stadtmuseum.de\/?post_type=article&#038;p=52396"},"modified":"2025-12-15T07:47:56","modified_gmt":"2025-12-15T06:47:56","slug":"boundaries","status":"publish","type":"article","link":"https:\/\/www.stadtmuseum.de\/en\/article\/boundaries","title":{"rendered":"Boundaries"},"content":{"rendered":"<section class=\"block block-header-article block-header-article-natural block-header-article-align-pullLeft\" >\n\t<div class=\"container-fluid\">\n\t\t<div class=\"row middle-xs\">\n\t\t\t\t\t\t\t<div class=\"col-xs-12 col-md-6 first-md\">\n\t\t\t\t\t<div class=\"block-header-article-image block-header-article-image-natural\">\n\t\t\t\t\t\t\n\t\t<lazy-media-inline inline-template data-id=\"49861\">\n\t\t\t<figure itemscope itemtype=\"http:\/\/schema.org\/ImageObject\" class=\"lazy-media-inline \" role=\"group\" id=\"media_69f50ed064455\">\n\t\t\t\t<script type=\"application\/json\" ref=\"data\">\n\t\t\t\t{\n\t\t\t\t\"sizes\" : {\"medium\":{\"file\":\"BG_210716_klein_088_Previewtag_Foto_Oana_Popa-Costea-300x200.jpg\",\"width\":300,\"height\":200,\"mime-type\":\"image\\\/jpeg\",\"filesize\":13279},\"large\":{\"file\":\"BG_210716_klein_088_Previewtag_Foto_Oana_Popa-Costea-1024x682.jpg\",\"width\":1024,\"height\":682,\"mime-type\":\"image\\\/jpeg\",\"filesize\":93645},\"medium_large\":{\"file\":\"BG_210716_klein_088_Previewtag_Foto_Oana_Popa-Costea-768x512.jpg\",\"width\":768,\"height\":512,\"mime-type\":\"image\\\/jpeg\",\"filesize\":59097},\"1536x1536\":{\"file\":\"BG_210716_klein_088_Previewtag_Foto_Oana_Popa-Costea-1536x1024.jpg\",\"width\":1536,\"height\":1024,\"mime-type\":\"image\\\/jpeg\",\"filesize\":175775},\"small\":{\"file\":\"BG_210716_klein_088_Previewtag_Foto_Oana_Popa-Costea-440x293.jpg\",\"width\":440,\"height\":293,\"mime-type\":\"image\\\/jpeg\",\"filesize\":24526},\"semi\":{\"file\":\"BG_210716_klein_088_Previewtag_Foto_Oana_Popa-Costea-580x387.jpg\",\"width\":580,\"height\":387,\"mime-type\":\"image\\\/jpeg\",\"filesize\":38387},\"mobile\":{\"file\":\"BG_210716_klein_088_Previewtag_Foto_Oana_Popa-Costea-720x480.jpg\",\"width\":720,\"height\":480,\"mime-type\":\"image\\\/jpeg\",\"filesize\":53699},\"hd\":{\"file\":\"BG_210716_klein_088_Previewtag_Foto_Oana_Popa-Costea-1280x853.jpg\",\"width\":1280,\"height\":853,\"mime-type\":\"image\\\/jpeg\",\"filesize\":132600},\"full\":{\"file\":\"BG_210716_klein_088_Previewtag_Foto_Oana_Popa-Costea-1920x1280.jpg\",\"width\":1920,\"height\":1280,\"mime-type\":\"image\\\/jpeg\",\"filesize\":247967},\"original\":{\"file\":\"BG_210716_klein_088_Previewtag_Foto_Oana_Popa-Costea.jpg\",\"width\":2000,\"height\":1333}},\n\t\t\t\t\"alt\" : \"Eine Frau steht mit dem R\\u00fccken zur Kamera auf einer Bodenprojektion, die in wei\\u00dfen Linien die Grenzen der Stadt Berlin aufzeigt\",\n\t\t\t\t\"path\" : \"\\\/wp-content\\\/uploads\\\/2024\\\/05\\\/\",\n\t\t\t\t\"video\" : null,\n\t\t\t\t\"autoplay\" : null,\n\t\t\t\t\"youtube\" : null,\n\t\t\t\t\"youtubelabel\" : \"play\",\n\t\t\t\t\"brightness\" : 100,\n\t\t\t\t\"crop\" : null,\n\t\t\t\t\"background\" : false,\n\t\t\t\t\"scale\" : 1,\n\t\t\t\t\"zoom\" : false,\n\t\t\t\t\"annotations\" : null\t\t\t\t}\n\t\t\t<\/script>\n\t\t\t\t<div class=\"height-container\" style=\"padding-bottom:66.65%;  \" v-if=\"sizes\">\n\t\t\t\t\t<lazy-media :inline=\"true\" :alt=\"alt\" :sizes=\"sizes\" :scale=\"scale\" :zoom=\"zoom\" :brightness=\"brightness\" :path=\"path\" :video=\"video\" :autoplay=\"autoplay\" :youtube=\"youtube\" :crop=\"crop\" :youtubelabel=\"youtubelabel\" :annotations=\"annotations\" :background=\"background\"><\/lazy-media>\n\n\t\t\t\t\t\t\t\t\t<\/div>\n\n\t\t\t\t\n\t\t\t\t\n\n\n\t\t\t\t\t\t\t\t\t\t<figcaption class=\"\">\n\t\t\t\t\t\t\t\t\t\t\t\t\t\t\t<div class=\"lazy-media-image-label\">Understanding boundaries in BERLIN GLOBAL<\/div>\n\t\t\t\t\t\t\t\t\t\t\t\t\t\t\t\t\t\t\t\t\t\t<div class=\"lazy-media-image-description\">\u00a9 Kulturprojekte Berlin and Stadtmuseum Berlin | Photo: Oana Popa-Costea <\/div>\n\t\t\t\t\t\t\t\t\t\t\t\t\t<\/figcaption>\n\t\t\t\t\t\t\t\t\t\n\t\t\t   \t\t\t\t\t\t\t<\/figure>\n\t\t<\/lazy-media-inline>\n\t\t\t\t\t\t\t<\/div>\n\t\t\t\t<\/div>\n\t\t\t\t<div class=\"col-xs-12 col-md-5 col-md-offset-1 first-xs margin-bottom-third  block-header-article--text\">\n\t\t\t\t\t<div class=\"box\">\n\t\t\t\t\t\t<h1 class=\"zeplin-subHead01 margin-bottom-sixth\">Boundaries<\/h1>\n\t\t\t\t\t<\/div>\n\t\t\t\t\t<div class=\"box\">\n\t\t\t\t\t\t<div class=\"copy margin-bottom-third\">\n\t\t\t\t\t\t\t<p>In the darkened room of the BERLIN GLOBAL exhibition, the first thing that catches the eye is the glowing map covering the floor. Although the streets are shown in a simplified form, Berlin\u2019s outlines are still recognisable, standing out sharply against the dark background. This space is about boundaries, visible and invisible, historical and contemporary.<\/p>\n\t\t\t\t\t\t<\/div>\n\t\t\t\t\t<\/div>\n\t\t\t\t\t\n\t\t\t\t\t<div class=\" has-highlight-color\">\n\t\t\t\t\t\t\t\t\t\t\t<\/div>\n\t\t\t\t<\/div>\n\n\n\n\t\t\t\t\t<\/div>\n\t<\/div>\n<\/section>\n\n\n\n<section class=\"block block-headline block-no-margin\" >\n\t<div class=\"container-fluid\">\n\t\t<div class=\"row\">\n\t\t\t\t\t\t<div class=\"col-xs-12 col-md-7\">\n\t\t\t\t<div class=\"box\">\n\t\t\t\t\t<h2 class=\"h3\">This is what awaits you:<\/h2>\n\t\t\t\t<\/div>\n\t\t\t<\/div>\n\t\t\t\t\t<\/div>\n\t<\/div>\n<\/section>\n\n\n\n\n<section class=\"block block-copy\">\n\t<div class=\"container-fluid\">\n\t\t<div class=\"row\">\n\t\t\t<div class=\"col-xs-10 col-md-7\">\n\t\t\t\t<div class=\"copy\">\n\t\t\t\t\t\n<div>\n<ul>\n<li>Media stations on the subject of boundaries<\/li>\n\n\n\n<li>Historical objects<\/li>\n<\/ul>\n<\/div>\n\t\t\t\t<\/div>\n\t\t\t<\/div>\n\t\t<\/div>\n\t<\/div>\n<\/section>\n\n\n\n\n<section class=\"block block-media block-media-center\">\n\t\t<div class=\"block-standard-image-wrapper\">\n\t\t\t\t\t<div class=\"padding-bottom-atom\">\n\t\t\t\t<h2 class=\"h4\">In my View: Dorota | BERLIN GLOBAL<\/h2>\n\t\t\t<\/div>\n\t\t\t\t\t\t\t<div class=\"padding-bottom-sixth\">\n\t\t\t\t<p class=\"zeplin-copySmall\">01:22 minutes<\/p>\n\t\t\t<\/div>\n\t\t\t\t\t\n\t\t<lazy-media-inline inline-template data-id=\"11284\">\n\t\t\t<figure itemscope itemtype=\"http:\/\/schema.org\/ImageObject\" class=\"lazy-media-inline \" role=\"group\" id=\"media_69f50ed0664ee\">\n\t\t\t\t<script type=\"application\/json\" ref=\"data\">\n\t\t\t\t{\n\t\t\t\t\"sizes\" : {\"medium\":{\"file\":\"Dorota6-300x169.jpg\",\"width\":300,\"height\":169,\"mime-type\":\"image\\\/jpeg\",\"filesize\":9236},\"large\":{\"file\":\"Dorota6-1024x576.jpg\",\"width\":1024,\"height\":576,\"mime-type\":\"image\\\/jpeg\",\"filesize\":52656},\"medium_large\":{\"file\":\"Dorota6-768x432.jpg\",\"width\":768,\"height\":432,\"mime-type\":\"image\\\/jpeg\",\"filesize\":34609},\"1536x1536\":{\"file\":\"Dorota6-1536x864.jpg\",\"width\":1536,\"height\":864,\"mime-type\":\"image\\\/jpeg\",\"filesize\":96328},\"small\":{\"file\":\"Dorota6-440x248.jpg\",\"width\":440,\"height\":248,\"mime-type\":\"image\\\/jpeg\",\"filesize\":15456},\"semi\":{\"file\":\"Dorota6-580x326.jpg\",\"width\":580,\"height\":326,\"mime-type\":\"image\\\/jpeg\",\"filesize\":23270},\"mobile\":{\"file\":\"Dorota6-720x405.jpg\",\"width\":720,\"height\":405,\"mime-type\":\"image\\\/jpeg\",\"filesize\":31907},\"hd\":{\"file\":\"Dorota6-1280x720.jpg\",\"width\":1280,\"height\":720,\"mime-type\":\"image\\\/jpeg\",\"filesize\":73257},\"original\":{\"file\":\"Dorota6.jpg\",\"width\":1920,\"height\":1080}},\n\t\t\t\t\"alt\" : \"\",\n\t\t\t\t\"path\" : \"\\\/wp-content\\\/uploads\\\/2022\\\/11\\\/\",\n\t\t\t\t\"video\" : null,\n\t\t\t\t\"autoplay\" : null,\n\t\t\t\t\"youtube\" : \"https:\\\/\\\/www.youtube-nocookie.com\\\/watch?v=2A6D2pjnH-M\",\n\t\t\t\t\"youtubelabel\" : \"play\",\n\t\t\t\t\"brightness\" : 100,\n\t\t\t\t\"crop\" : null,\n\t\t\t\t\"background\" : false,\n\t\t\t\t\"scale\" : 1,\n\t\t\t\t\"zoom\" : false,\n\t\t\t\t\"annotations\" : null\t\t\t\t}\n\t\t\t<\/script>\n\t\t\t\t<div class=\"height-container\" style=\"padding-bottom:56.25%;  \" v-if=\"sizes\">\n\t\t\t\t\t<lazy-media :inline=\"true\" :alt=\"alt\" :sizes=\"sizes\" :scale=\"scale\" :zoom=\"zoom\" :brightness=\"brightness\" :path=\"path\" :video=\"video\" :autoplay=\"autoplay\" :youtube=\"youtube\" :crop=\"crop\" :youtubelabel=\"youtubelabel\" :annotations=\"annotations\" :background=\"background\"><\/lazy-media>\n\n\t\t\t\t\t\t\t\t\t<\/div>\n\n\t\t\t\t\n\t\t\t\t\n\n\n\t\t\t\t\t\t\t\t\n\t\t\t   \t\t\t\t\t\t\t<\/figure>\n\t\t<\/lazy-media-inline>\n\t\t\t<\/div>\n\t<\/section>\n\n\n<section class=\"block block-teaser  block-teaser-article \" style=\"background-color: #FFFFFF\">\n\n\t\t\t<div class=\"container-fluid copy padding-bottom-third\">\n\t\t\t<h2 class=\"zeplin-subHead02\">Open Space about Homelessness<\/h2>\n\t\t\t\t\t<\/div>\n\t\n\t\t\n\t\t\t<div class=\"container-fluid teaser-no-lane\"  data-parallax-stagger='{\"child\":\"li\",\"mask\":\".row\",\"split\":false,\"in\":{\"opacity\": [0,0],\"delay\":0},\"center\":{\"y\": [60,0],\"opacity\": [0,1],\"delay\":1,\"ease\":\"sine.out\"},\"out\":{\"opacity\": [1,0],\"delay\":0,\"ease\":\"sine.in\"}}'>\n\t\t\t<ul class=\"row\">\n\t\t\t\t\t<li id=\"article_teaser_60160\" class=\"col-xs-12 col-sm-6 teaser-50 teaser-wrapper padding-bottom-sixth teaser-article teaser-type-standard teaser-col-2\">\n\t\t<a href=\"https:\/\/www.stadtmuseum.de\/en\/article\/life-and-survival\" class=\"teaser\">\n\t\t\t<div>\n\t\t\t\t<div class=\"teaser-image\">\n\t\t\t\t\t\n\t\t<lazy-media-inline inline-template data-id=\"60155\">\n\t\t\t<figure itemscope itemtype=\"http:\/\/schema.org\/ImageObject\" class=\"lazy-media-inline \" role=\"group\" id=\"media_69f50ed0693ce\">\n\t\t\t\t<script type=\"application\/json\" ref=\"data\">\n\t\t\t\t{\n\t\t\t\t\"sizes\" : {\"medium\":{\"file\":\"FF_Wohnungslosigkeit_Frauen-300x251.png\",\"width\":300,\"height\":251,\"mime-type\":\"image\\\/png\",\"filesize\":130939},\"medium_large\":{\"file\":\"FF_Wohnungslosigkeit_Frauen-768x644.png\",\"width\":768,\"height\":644,\"mime-type\":\"image\\\/png\",\"filesize\":644087},\"small\":{\"file\":\"FF_Wohnungslosigkeit_Frauen-440x369.png\",\"width\":440,\"height\":369,\"mime-type\":\"image\\\/png\",\"filesize\":253812},\"semi\":{\"file\":\"FF_Wohnungslosigkeit_Frauen-580x486.png\",\"width\":580,\"height\":486,\"mime-type\":\"image\\\/png\",\"filesize\":405048},\"mobile\":{\"file\":\"FF_Wohnungslosigkeit_Frauen-720x604.png\",\"width\":720,\"height\":604,\"mime-type\":\"image\\\/png\",\"filesize\":579590},\"original\":{\"file\":\"FF_Wohnungslosigkeit_Frauen.png\",\"width\":940,\"height\":788}},\n\t\t\t\t\"alt\" : \"Collage aus f\\u00fcnf Portr\\u00e4ts\",\n\t\t\t\t\"path\" : \"\\\/wp-content\\\/uploads\\\/2025\\\/01\\\/\",\n\t\t\t\t\"video\" : null,\n\t\t\t\t\"autoplay\" : null,\n\t\t\t\t\"youtube\" : null,\n\t\t\t\t\"youtubelabel\" : \"play\",\n\t\t\t\t\"brightness\" : 100,\n\t\t\t\t\"crop\" : null,\n\t\t\t\t\"background\" : true,\n\t\t\t\t\"scale\" : 1,\n\t\t\t\t\"zoom\" : false,\n\t\t\t\t\"annotations\" : null\t\t\t\t}\n\t\t\t<\/script>\n\t\t\t\t<div class=\"height-container\" style=\"padding-bottom:83.829787234043%;  \" v-if=\"sizes\">\n\t\t\t\t\t<lazy-media :inline=\"true\" :alt=\"alt\" :sizes=\"sizes\" :scale=\"scale\" :zoom=\"zoom\" :brightness=\"brightness\" :path=\"path\" :video=\"video\" :autoplay=\"autoplay\" :youtube=\"youtube\" :crop=\"crop\" :youtubelabel=\"youtubelabel\" :annotations=\"annotations\" :background=\"background\"><\/lazy-media>\n\n\t\t\t\t\t\t\t\t\t<\/div>\n\n\t\t\t\t\n\t\t\t\t\n\n\n\t\t\t\t\n\t\t\t   \t\t\t\t\t\t\t<\/figure>\n\t\t<\/lazy-media-inline>\n\t\t\t\t\t\t\t\t\t\t\t<\/div>\n\t\t\t\t<div class=\"teaser-copy\">\n\t\t\t\t\t<div>\n\t\t\t\t\t\t<div class=\"teaser-header padding-top-sixth padding-bottom-sixth\"><div><h3 class=\"zeplin-teaserHeadline-L\">Life and Survival<\/h3><\/div><\/div>\n\t\t\t\t\t\t<div class=\"copy\"><p class=\"zeplin-teaserCopy clamp-5\">In the Open Space project &#8220;Here and Now. Women\u207a Experiencing Homelessness in Berlin,&#8221; Anna, Janet, Janita-Marja, Richi, and Susanne talk about housing and homelessness. They represent many homeless women\u207a and discuss social boundaries, dignity, self-determination, and the reasons for their homelessness.<\/p><div class=\"padding-top-sixth\"><span class=\"zeplin-metadata has-highlight-color\">Article, 4 min Lesezeit<\/span><\/div><\/div>\n\t\t\t\t\t<\/div>\n\t\t\t\t<\/div>\n\t\t\t<\/div>\n\t\t<\/a>\n\t<\/li>\n\t\t\t<\/ul>\n\t\t<\/div>\n\t\n\t<\/section>\n\n\n\t<section class=\"block block-full-teaser   has-invert-color align-full\">\n\t<div class=\"block-full-teaser-image\">\n\t\t\n\t\t<lazy-media-inline inline-template data-id=\"2315\">\n\t\t\t<figure itemscope itemtype=\"http:\/\/schema.org\/ImageObject\" class=\"lazy-media-inline \" role=\"group\" id=\"media_69f50ed069d3b\">\n\t\t\t\t<script type=\"application\/json\" ref=\"data\">\n\t\t\t\t{\n\t\t\t\t\"sizes\" : {\"medium\":{\"file\":\"BerlinGlobal-392-300x200.jpg\",\"width\":300,\"height\":200,\"mime-type\":\"image\\\/jpeg\",\"filesize\":19838},\"large\":{\"file\":\"BerlinGlobal-392-1024x683.jpg\",\"width\":1024,\"height\":683,\"mime-type\":\"image\\\/jpeg\",\"filesize\":126715},\"medium_large\":{\"file\":\"BerlinGlobal-392-768x512.jpg\",\"width\":768,\"height\":512,\"mime-type\":\"image\\\/jpeg\",\"filesize\":82626},\"1536x1536\":{\"file\":\"BerlinGlobal-392-1536x1024.jpg\",\"width\":1536,\"height\":1024,\"mime-type\":\"image\\\/jpeg\",\"filesize\":231727},\"2048x2048\":{\"file\":\"BerlinGlobal-392-2048x1365.jpg\",\"width\":2048,\"height\":1365,\"mime-type\":\"image\\\/jpeg\",\"filesize\":366743},\"small\":{\"file\":\"BerlinGlobal-392-440x293.jpg\",\"width\":440,\"height\":293,\"mime-type\":\"image\\\/jpeg\",\"filesize\":36141},\"semi\":{\"file\":\"BerlinGlobal-392-580x387.jpg\",\"width\":580,\"height\":387,\"mime-type\":\"image\\\/jpeg\",\"filesize\":55133},\"mobile\":{\"file\":\"BerlinGlobal-392-720x480.jpg\",\"width\":720,\"height\":480,\"mime-type\":\"image\\\/jpeg\",\"filesize\":75201},\"hd\":{\"file\":\"BerlinGlobal-392-1280x853.jpg\",\"width\":1280,\"height\":853,\"mime-type\":\"image\\\/jpeg\",\"filesize\":176491},\"full\":{\"file\":\"BerlinGlobal-392-1920x1280.jpg\",\"width\":1920,\"height\":1280,\"mime-type\":\"image\\\/jpeg\",\"filesize\":329135},\"original\":{\"file\":\"BerlinGlobal-392.jpg\",\"width\":3000,\"height\":2000}},\n\t\t\t\t\"alt\" : \"\",\n\t\t\t\t\"path\" : \"\\\/wp-content\\\/uploads\\\/2022\\\/10\\\/\",\n\t\t\t\t\"video\" : null,\n\t\t\t\t\"autoplay\" : null,\n\t\t\t\t\"youtube\" : null,\n\t\t\t\t\"youtubelabel\" : \"play\",\n\t\t\t\t\"brightness\" : 68,\n\t\t\t\t\"crop\" : {\"x\":0.5,\"y\":0.5},\n\t\t\t\t\"background\" : true,\n\t\t\t\t\"scale\" : 2,\n\t\t\t\t\"zoom\" : false,\n\t\t\t\t\"annotations\" : null\t\t\t\t}\n\t\t\t<\/script>\n\t\t\t\t<div class=\"height-container\" style=\"padding-bottom:66.666666666667%;  \" v-if=\"sizes\">\n\t\t\t\t\t<lazy-media :inline=\"true\" :alt=\"alt\" :sizes=\"sizes\" :scale=\"scale\" :zoom=\"zoom\" :brightness=\"brightness\" :path=\"path\" :video=\"video\" :autoplay=\"autoplay\" :youtube=\"youtube\" :crop=\"crop\" :youtubelabel=\"youtubelabel\" :annotations=\"annotations\" :background=\"background\"><\/lazy-media>\n\n\t\t\t\t\t\t\t\t\t<\/div>\n\n\t\t\t\t\n\t\t\t\t\n\n\n\t\t\t\t\t\t\t\t\t\t<figcaption class=\"\">\n\t\t\t\t\t\t\t\t\t\t\t\t\t\t\t<div class=\"lazy-media-image-label\">F\u00fcr eine \u00dcberraschung gut: die begehbare Diskokugel im Raum Vergn\u00fcgen.<\/div>\n\t\t\t\t\t\t\t\t\t\t\t\t\t\t\t\t\t\t\t\t<\/figcaption>\n\t\t\t\t\t\t\t\t\t\n\t\t\t   \t\t\t\t\t\t\t<\/figure>\n\t\t<\/lazy-media-inline>\n\t\t\t<\/div>\n\t<div class=\"block-full-teaser-content-wrapper\">\n\t\t<div class=\"container-fluid\">\n\t\t\t<div class=\"row block-full-teaser-content center-xs middle-xs\">\n\t\t\t\t<div class=\"col-xs-1 col-sm-2 col-md-3\"><\/div>\n\t\t\t\t<div class=\"col-xs-10 col-md-6\">\n\t\t\t\t\t<h3 class=\"zeplin-heading margin-bottom-half\">BERLIN GLOBAL<\/h3>\n\t\t\t\t<\/div>\n\t\t\t\t<div class=\"col-xs-1 col-sm-2 col-md-3\"><\/div>\n\t\t\t\t<div class=\"col-xs-8 col-sm-6 col-md-4\">\n\t\t\t\t\t<div class=\"copy\">\n\t\t\t\t\t\t<p>BERLIN GLOBAL shows on 4,000 square meters in the Humboldt Forum how the city and its people are connected to the world.<\/p>\n\t\t\t\t\t<\/div>\n\t\t\t\t<\/div>\n\t\t\t\t\t\t\t\t<div class=\"col-xs-12 padding-top\">\n\t\t\t\t\t<div class='ho-button-group' >\n\n<div class=\"block-buttons-item\">\n<a href=\"https:\/\/www.stadtmuseum.de\/en\/exhibition\/berlin-global\" target=\"\" class=\"ho-button is-large is-secondary\">\n<span class=\"ho-button-label\">\n\tGet your ticket now!<\/span>\n<\/a>\n<\/div>\n<\/div>\t\t\t\t<\/div>\n\t\t\t\t\t\t\t<\/div>\n\t\t<\/div>\n\t<\/div>\n<\/section>\n\n\n<section class=\"block block-headline block-no-margin\"  id='info-and-service-berlin-global' data-anchor='info-and-service-berlin-global' data-anchor-name='Info &amp; Service'>\n\t<div class=\"container-fluid\">\n\t\t<div class=\"row\">\n\t\t\t\t\t\t<div class=\"col-xs-12 col-md-7\">\n\t\t\t\t<div class=\"box\">\n\t\t\t\t\t<h2 class=\"h3\">Info &#038; Service<\/h2>\n\t\t\t\t<\/div>\n\t\t\t<\/div>\n\t\t\t\t\t<\/div>\n\t<\/div>\n<\/section>\n\n\n<section class=\"block block-copy-info  block-no-margin\">\n\t<div class=\"container-fluid\">\n\t\t<div class=\"row\">\n\t\t\t<div class=\"col-xs-12 col-md-2 padding-top-sixth margin-bottom-sixth\">\n\t\t\t\t<div class=\"box\">\n\t\t\t\t\t<div class=\"copy\">\n\t\t\t\t\t\t<h5>Opening Hours<\/h5>\n\t\t\t\t\t<\/div>\n\t\t\t\t<\/div>\n\t\t\t<\/div>\n\n\t\t\t<div class=\"col-xs-12 col-md-8 col-md-offset-1 padding-top-sixth margin-bottom-sixth\">\n\t\t\t\t<div class=\"box\">\n\t\t\t\t\t<div class=\"copy editor\">\n\t\t\t\t\t\t<p>Mon + Wed \u2013 Sun | 10.30 am \u2013 6.30 pm<br>Tue | closed<br><br>Last admission is at 5.30 pm<\/p>\n\t\t\t\t\t<\/div>\n\t\t\t\t<\/div>\n\t\t\t<\/div>\n\t\t<\/div>\n\t\t<div class=\"row\">\n\t\t\t<div class=\"col-xs-12 col-md-8 col-md-offset-3\">\n\t\t\t\t<div class=\"box\">\n\t\t\t\t\t\n<div class='ho-button-group' ><\/div>\n\t\t\t\t<\/div>\n\t\t\t<\/div>\n\t\t<\/div>\n\t<\/div>\n<\/section>\n\n\n<section class=\"block block-copy-info  block-no-margin\">\n\t<div class=\"container-fluid\">\n\t\t<div class=\"row\">\n\t\t\t<div class=\"col-xs-12 col-md-2 padding-top-sixth margin-bottom-sixth\">\n\t\t\t\t<div class=\"box\">\n\t\t\t\t\t<div class=\"copy\">\n\t\t\t\t\t\t<h5>Special Opening Hours<\/h5>\n\t\t\t\t\t<\/div>\n\t\t\t\t<\/div>\n\t\t\t<\/div>\n\n\t\t\t<div class=\"col-xs-12 col-md-8 col-md-offset-1 padding-top-sixth margin-bottom-sixth\">\n\t\t\t\t<div class=\"box\">\n\t\t\t\t\t<div class=\"copy editor\">\n\t\t\t\t\t\t<p>Fri, 1 May 2026 (Labour Day) | 10.30 am \u2013 6.30 pm<br>Thu, 14 May 2026 (Ascension Day) | 10.30 am \u2013 6.30 pm<br>Wed, 20 May 2026 (private event) | 10.30 \u2013 14.30 pm<br>Mon, 25 May 2026 (Whit Monday) | 10.30 am \u2013 6.30 pm<br>Fri, 25 June 2026 (private event) | 11.30 \u2013 18.30 pm<br>Sat, 3 October 2026 (German Unity Day) | 10.30 am \u2013 6.30 pm<br><br>Last admission is at 5.30 pm<\/p>\n\t\t\t\t\t<\/div>\n\t\t\t\t<\/div>\n\t\t\t<\/div>\n\t\t<\/div>\n\t\t<div class=\"row\">\n\t\t\t<div class=\"col-xs-12 col-md-8 col-md-offset-3\">\n\t\t\t\t<div class=\"box\">\n\t\t\t\t\t\n<div class='ho-button-group' ><\/div>\n\t\t\t\t<\/div>\n\t\t\t<\/div>\n\t\t<\/div>\n\t<\/div>\n<\/section>\n\n\n<section class=\"block block-copy-info  block-no-margin\">\n\t<div class=\"container-fluid\">\n\t\t<div class=\"row\">\n\t\t\t<div class=\"col-xs-12 col-md-2 padding-top-sixth margin-bottom-sixth\">\n\t\t\t\t<div class=\"box\">\n\t\t\t\t\t<div class=\"copy\">\n\t\t\t\t\t\t<h5>Closing Times<\/h5>\n\t\t\t\t\t<\/div>\n\t\t\t\t<\/div>\n\t\t\t<\/div>\n\n\t\t\t<div class=\"col-xs-12 col-md-8 col-md-offset-1 padding-top-sixth margin-bottom-sixth\">\n\t\t\t\t<div class=\"box\">\n\t\t\t\t\t<div class=\"copy editor\">\n\t\t\t\t\t\t<p>Due to maintenance work, the exhibition will be <strong>closed from 4  to 6 May 2026<\/strong>. On <strong>7 and 8 May 2026<\/strong>,<strong> parts of the exhibition may be closed<\/strong> due to maintenance work. The exhibition will reopen as normal on 9 May 2026. <br><br>On <strong>20 May 2026<\/strong>, the exhibition will close at 2.30 pm due to an internal event. <br><br>Thank you for your understanding.<\/p>\n\t\t\t\t\t<\/div>\n\t\t\t\t<\/div>\n\t\t\t<\/div>\n\t\t<\/div>\n\t\t<div class=\"row\">\n\t\t\t<div class=\"col-xs-12 col-md-8 col-md-offset-3\">\n\t\t\t\t<div class=\"box\">\n\t\t\t\t\t\n<div class='ho-button-group' ><\/div>\n\t\t\t\t<\/div>\n\t\t\t<\/div>\n\t\t<\/div>\n\t<\/div>\n<\/section>\n\n\n<section class=\"block block-copy-info  block-no-margin\">\n\t<div class=\"container-fluid\">\n\t\t<div class=\"row\">\n\t\t\t<div class=\"col-xs-12 col-md-2 padding-top-sixth margin-bottom-sixth\">\n\t\t\t\t<div class=\"box\">\n\t\t\t\t\t<div class=\"copy\">\n\t\t\t\t\t\t<h5>Directions<\/h5>\n\t\t\t\t\t<\/div>\n\t\t\t\t<\/div>\n\t\t\t<\/div>\n\n\t\t\t<div class=\"col-xs-12 col-md-8 col-md-offset-1 padding-top-sixth margin-bottom-sixth\">\n\t\t\t\t<div class=\"box\">\n\t\t\t\t\t<div class=\"copy editor\">\n\t\t\t\t\t\t<p>Schlossplatz<br>10178 Berlin<\/p>\n\t\t\t\t\t<\/div>\n\t\t\t\t<\/div>\n\t\t\t<\/div>\n\t\t<\/div>\n\t\t<div class=\"row\">\n\t\t\t<div class=\"col-xs-12 col-md-8 col-md-offset-3\">\n\t\t\t\t<div class=\"box\">\n\t\t\t\t\t\n<div class='ho-button-group' ><\/div>\n\t\t\t\t<\/div>\n\t\t\t<\/div>\n\t\t<\/div>\n\t<\/div>\n<\/section>\n\n\n\n<section class=\"block block-buttons block-buttons-callToAction\">\n\t<div class=\"container-fluid\">\n\t\t<div class=\"row\">\n\t\t\t<div class=\"col-xs-12 col-md-7 block-buttons-wrapper\">\n\t\t\t\t\n<div class='ho-button-group' >\n\n<div class=\"block-buttons-item\">\n<a href=\"https:\/\/g.page\/humboldtforum?share\" target=\"_blank\" class=\"ho-button is-large is-secondary\">\n<span class=\"ho-button-label\">\n\tGoogle Maps<\/span>\n<\/a>\n<\/div>\n\n\n\n\n<div class=\"block-buttons-item\">\n<a href=\"https:\/\/www.bvg.de\/en\/connections\/connection-search\" target=\"_blank\" class=\"ho-button is-large is-secondary\">\n<span class=\"ho-button-label\">\n\tBus &amp; Train<\/span>\n<\/a>\n<\/div>\n<\/div>\n\t\t\t<\/div>\n\t\t<\/div>\n\t<\/div>\n<\/section>\n\n\n<section class=\"block block-copy-info \">\n\t<div class=\"container-fluid\">\n\t\t<div class=\"row\">\n\t\t\t<div class=\"col-xs-12 col-md-2 padding-top-sixth margin-bottom-sixth\">\n\t\t\t\t<div class=\"box\">\n\t\t\t\t\t<div class=\"copy\">\n\t\t\t\t\t\t<h5>Contact<\/h5>\n\t\t\t\t\t<\/div>\n\t\t\t\t<\/div>\n\t\t\t<\/div>\n\n\t\t\t<div class=\"col-xs-12 col-md-8 col-md-offset-1 padding-top-sixth margin-bottom-sixth\">\n\t\t\t\t<div class=\"box\">\n\t\t\t\t\t<div class=\"copy editor\">\n\t\t\t\t\t\t<p>For ticketing and service requests, please contact the Humboldt Forum <a rel=\"noreferrer noopener\" href=\"https:\/\/www.humboldtforum.org\/en\/contact-us\/\" target=\"_blank\">Visitor Services<\/a>:<br>+49 30 9921 189 89<br>Mo \u2013 Fri, 10 a.m.\u2013 6 p.m.<\/p>\n\t\t\t\t\t<\/div>\n\t\t\t\t<\/div>\n\t\t\t<\/div>\n\t\t<\/div>\n\t\t<div class=\"row\">\n\t\t\t<div class=\"col-xs-12 col-md-8 col-md-offset-3\">\n\t\t\t\t<div class=\"box\">\n\t\t\t\t\t\n<div class='ho-button-group' ><\/div>\n\t\t\t\t<\/div>\n\t\t\t<\/div>\n\t\t<\/div>\n\t<\/div>\n<\/section>\n\n\n<section class=\"block block-headline block-no-margin\"  id='tickets-berlin-global' data-anchor='tickets-berlin-global' data-anchor-name='Tickets'>\n\t<div class=\"container-fluid\">\n\t\t<div class=\"row\">\n\t\t\t\t\t\t<div class=\"col-xs-12 col-md-7\">\n\t\t\t\t<div class=\"box\">\n\t\t\t\t\t<h2 class=\"h3\">Tickets<\/h2>\n\t\t\t\t<\/div>\n\t\t\t<\/div>\n\t\t\t\t\t<\/div>\n\t<\/div>\n<\/section>\n\n\n<section class=\"block block-copy-info \">\n\t<div class=\"container-fluid\">\n\t\t<div class=\"row\">\n\t\t\t<div class=\"col-xs-12 col-md-2 padding-top-sixth margin-bottom-sixth\">\n\t\t\t\t<div class=\"box\">\n\t\t\t\t\t<div class=\"copy\">\n\t\t\t\t\t\t<h5>Day Ticket<\/h5>\n\t\t\t\t\t<\/div>\n\t\t\t\t<\/div>\n\t\t\t<\/div>\n\n\t\t\t<div class=\"col-xs-12 col-md-8 col-md-offset-1 padding-top-sixth margin-bottom-sixth\">\n\t\t\t\t<div class=\"box\">\n\t\t\t\t\t<div class=\"copy editor\">\n\t\t\t\t\t\t<p>9 euros \/ 0 euros (reduced)<\/p>\n\t\t\t\t\t<\/div>\n\t\t\t\t<\/div>\n\t\t\t<\/div>\n\t\t<\/div>\n\t\t<div class=\"row\">\n\t\t\t<div class=\"col-xs-12 col-md-8 col-md-offset-3\">\n\t\t\t\t<div class=\"box\">\n\t\t\t\t\t\n<div class='ho-button-group' >\n\n<div class=\"block-buttons-item\">\n<a href=\"https:\/\/tickets.humboldtforum.org\/#\/tickets\/time?museum_id=1&#038;exhibition_id=1&#038;group=day\"  target=\"_blank\" class=\"ho-button has-icon-text-outside\">\n\t<span class=\"ho-button-icon icon-pfeilRechts\"><\/span>\n\t<span class=\"ho-button-label\">\n\t\tTicketshop\t<\/span>\n<\/a>\n<\/div>\n<\/div>\n\t\t\t\t<\/div>\n\t\t\t<\/div>\n\t\t<\/div>\n\t<\/div>\n<\/section>\n\n\n<section class=\"block block-copy-info \">\n\t<div class=\"container-fluid\">\n\t\t<div class=\"row\">\n\t\t\t<div class=\"col-xs-12 col-md-2 padding-top-sixth margin-bottom-sixth\">\n\t\t\t\t<div class=\"box\">\n\t\t\t\t\t<div class=\"copy\">\n\t\t\t\t\t\t<h5>Humboldt Forum Combi Ticket<\/h5>\n\t\t\t\t\t<\/div>\n\t\t\t\t<\/div>\n\t\t\t<\/div>\n\n\t\t\t<div class=\"col-xs-12 col-md-8 col-md-offset-1 padding-top-sixth margin-bottom-sixth\">\n\t\t\t\t<div class=\"box\">\n\t\t\t\t\t<div class=\"copy editor\">\n\t\t\t\t\t\t<p>14 euros \/ 7 euros (reduced)<br>Two-day ticket: 18 euros \/ 9 euros (reduced)<br>Day group ticket: 50 euros<\/p>\n\t\t\t\t\t<\/div>\n\t\t\t\t<\/div>\n\t\t\t<\/div>\n\t\t<\/div>\n\t\t<div class=\"row\">\n\t\t\t<div class=\"col-xs-12 col-md-8 col-md-offset-3\">\n\t\t\t\t<div class=\"box\">\n\t\t\t\t\t\n<div class='ho-button-group' >\n\n<div class=\"block-buttons-item\">\n<a href=\"https:\/\/tickets.humboldtforum.org\/#\/tickets\/time?museum_id=1&#038;exhibition_id=1&#038;group=day\"  target=\"_blank\" class=\"ho-button has-icon-text-outside\">\n\t<span class=\"ho-button-icon icon-pfeilRechts\"><\/span>\n\t<span class=\"ho-button-label\">\n\t\tTicketshop\t<\/span>\n<\/a>\n<\/div>\n<\/div>\n\t\t\t\t<\/div>\n\t\t\t<\/div>\n\t\t<\/div>\n\t<\/div>\n<\/section>\n\n\n\n<section class=\"block block-accordion\">\n\t<div class=\"container-fluid\">\n\t\t<div class=\"row\">\n\t\t\t<div class=\"col-xs-12\">\n\t\t\t\t<div class=\"box\">\n\t\t\t\t\t<block-accordion inline-template>\n\t\t\t\t\t\t<div class=\"accordion\" role=\"tablist\">\n\t\t\t\t\t\t\t\n<div>\n<block-accordion-item inline-template>\n\t<div ref=\"item\" data-id=\"FreeadmissionSolidarity-basedmodel\" class=\"block-accordion-item vue-initialize\" role=\"tab\" aria-expanded=\"false\" :aria-expanded=\"active ? 'true' : 'false'\">\n\t\t<button class=\"block-accordion-item-head\" :class=\"{'button-active': active}\" ref=\"head\" aria-controls=\"acc_69f50ed06b84b\" id=\"acc_title_69f50ed06b84c\" @click=\"toggle\" @keydown=\"key\">\n\t\t\t<span class=\"button-label zeplin-subHead05\">Free admission: Solidarity-based model<\/span>\n\t\t\t<span class=\"button-icon icon-navi_close\" aria-hidden=\"true\"><\/span>\n\t\t<\/button>\n\t\t<div ref=\"body\" class=\"block-accordion-item-content\" id=\"acc_69f50ed06b84b\" role=\"tabpanel\">\n\t\t\t<div class=\"row\">\n\t\t\t\t<div class=\"col-xs-10 col-md-7\">\n\t\t\t\t\t<div class=\"wrapper\">\n\t\t\t\t\t\t<div class=\"copy padding-bottom-third\">\n\t\t\t\t\t\t\tFree admission for children and adolescents up to 18 years of age, for students, international students, persons with an electronic residence permit (eAT), FSJ volunteers, recipients of transfer payments (ALG I \/ B\u00fcrgergeld) or persons with severe disabilities (at least 50%), Personal Assistants of persons with severe disabilities (at least 50%), holders of the MuseumsPass Berlin, press, partner institutions, sponsors and members of the support associations, ICOM members. Until the end of the exhibition project \u2018Beziehungsweise Familie\u2019 (Family Matters) at the Humboldt Forum, holders of a valid ticket for the Humboldt Forum will receive free admission to the Museum Knoblauchhaus.\t\t\t\t\t\t<\/div>\n\t\t\t\t\t<\/div>\n\t\t\t\t<\/div>\n\t\t\t<\/div>\n\t\t<\/div>\n\t<\/div>\n<\/block-accordion-item>\n\n\n\n\n<block-accordion-item inline-template>\n\t<div ref=\"item\" data-id=\"HumboldtForumCombiTicket\" class=\"block-accordion-item vue-initialize\" role=\"tab\" aria-expanded=\"false\" :aria-expanded=\"active ? 'true' : 'false'\">\n\t\t<button class=\"block-accordion-item-head\" :class=\"{'button-active': active}\" ref=\"head\" aria-controls=\"acc_69f50ed06b92e\" id=\"acc_title_69f50ed06b92f\" @click=\"toggle\" @keydown=\"key\">\n\t\t\t<span class=\"button-label zeplin-subHead05\">Humboldt Forum Combi Ticket<\/span>\n\t\t\t<span class=\"button-icon icon-navi_close\" aria-hidden=\"true\"><\/span>\n\t\t<\/button>\n\t\t<div ref=\"body\" class=\"block-accordion-item-content\" id=\"acc_69f50ed06b92e\" role=\"tabpanel\">\n\t\t\t<div class=\"row\">\n\t\t\t\t<div class=\"col-xs-10 col-md-7\">\n\t\t\t\t\t<div class=\"wrapper\">\n\t\t\t\t\t\t<div class=\"copy padding-bottom-third\">\n\t\t\t\t\t\t\tThe Humboldt Forum Combi Ticket is valid for BERLIN GLOBAL, the collections of the Ethnological Museum and the Museum of Asian Art, as well as other temporary exhibitions at the Humboldt Forum. The ticket is also valid for the special exhibition \u2018Beziehungsweise Familie\u2019 (Relationship or Family) with interventions at the Humboldt Forum and the Museum Knoblauchhaus in the Nikolaiviertel.<br><br><strong>Day ticket<\/strong><br>Validity: 1 day according to the selected date<br><br><strong>Two-day ticket<\/strong><br>Validity: 2 days according to the selected date + the following day<br><br><strong>Day group ticket<\/strong><br>Validity: 1 day according to the selected date, up to 5 adults, with or without children\t\t\t\t\t\t<\/div>\n\t\t\t\t\t<\/div>\n\t\t\t\t<\/div>\n\t\t\t<\/div>\n\t\t<\/div>\n\t<\/div>\n<\/block-accordion-item>\n\n\n\n\n<block-accordion-item inline-template>\n\t<div ref=\"item\" data-id=\"Specialprice5euros\" class=\"block-accordion-item vue-initialize\" role=\"tab\" aria-expanded=\"false\" :aria-expanded=\"active ? 'true' : 'false'\">\n\t\t<button class=\"block-accordion-item-head\" :class=\"{'button-active': active}\" ref=\"head\" aria-controls=\"acc_69f50ed06ba33\" id=\"acc_title_69f50ed06ba34\" @click=\"toggle\" @keydown=\"key\">\n\t\t\t<span class=\"button-label zeplin-subHead05\">Special price 5 euros<\/span>\n\t\t\t<span class=\"button-icon icon-navi_close\" aria-hidden=\"true\"><\/span>\n\t\t<\/button>\n\t\t<div ref=\"body\" class=\"block-accordion-item-content\" id=\"acc_69f50ed06ba33\" role=\"tabpanel\">\n\t\t\t<div class=\"row\">\n\t\t\t\t<div class=\"col-xs-10 col-md-7\">\n\t\t\t\t\t<div class=\"wrapper\">\n\t\t\t\t\t\t<div class=\"copy padding-bottom-third\">\n\t\t\t\t\t\t\tfor Ehrenamts-Card holders, members of the Theater Gemeinde Berlin and with the WelcomeCard 2023\t\t\t\t\t\t<\/div>\n\t\t\t\t\t<\/div>\n\t\t\t\t<\/div>\n\t\t\t<\/div>\n\t\t<\/div>\n\t<\/div>\n<\/block-accordion-item>\n\n<\/div>\n\t\t\t\t\t\t<\/div>\n\t\t\t\t\t<\/block-accordion>\n\t\t\t\t<\/div>\n\t\t\t<\/div>\n\t\t<\/div>\n\t<\/div>\n<\/section>\n","protected":false},"excerpt":{"rendered":"<p>In the darkened room of the BERLIN GLOBAL exhibition, a glowing map is covering the floor, showing Berlin\u2019s outlines. This is about boundaries, visible and invisible, historical and contemporary.<\/p>\n","protected":false},"featured_media":49861,"template":"","ho_author":[],"ho_category":[],"acf":[],"_links":{"self":[{"href":"https:\/\/www.stadtmuseum.de\/en\/wp-json\/wp\/v2\/article\/52396"}],"collection":[{"href":"https:\/\/www.stadtmuseum.de\/en\/wp-json\/wp\/v2\/article"}],"about":[{"href":"https:\/\/www.stadtmuseum.de\/en\/wp-json\/wp\/v2\/types\/article"}],"version-history":[{"count":8,"href":"https:\/\/www.stadtmuseum.de\/en\/wp-json\/wp\/v2\/article\/52396\/revisions"}],"predecessor-version":[{"id":88339,"href":"https:\/\/www.stadtmuseum.de\/en\/wp-json\/wp\/v2\/article\/52396\/revisions\/88339"}],"wp:featuredmedia":[{"embeddable":true,"href":"https:\/\/www.stadtmuseum.de\/en\/wp-json\/wp\/v2\/media\/49861"}],"wp:attachment":[{"href":"https:\/\/www.stadtmuseum.de\/en\/wp-json\/wp\/v2\/media?parent=52396"}],"wp:term":[{"taxonomy":"ho_author","embeddable":true,"href":"https:\/\/www.stadtmuseum.de\/en\/wp-json\/wp\/v2\/ho_author?post=52396"},{"taxonomy":"ho_category","embeddable":true,"href":"https:\/\/www.stadtmuseum.de\/en\/wp-json\/wp\/v2\/ho_category?post=52396"}],"curies":[{"name":"wp","href":"https:\/\/api.w.org\/{rel}","templated":true}]}}