{"id":52412,"date":"2024-07-30T17:29:33","date_gmt":"2024-07-30T15:29:33","guid":{"rendered":"https:\/\/www.stadtmuseum.de\/?post_type=article&#038;p=52412"},"modified":"2024-09-25T17:04:20","modified_gmt":"2024-09-25T15:04:20","slug":"interconnection","status":"publish","type":"article","link":"https:\/\/www.stadtmuseum.de\/en\/article\/interconnection","title":{"rendered":"Interconnection"},"content":{"rendered":"<section class=\"block block-header-article block-header-article-natural block-header-article-align-pullLeft\" >\n\t<div class=\"container-fluid\">\n\t\t<div class=\"row middle-xs\">\n\t\t\t\t\t\t\t<div class=\"col-xs-12 col-md-6 first-md\">\n\t\t\t\t\t<div class=\"block-header-article-image block-header-article-image-natural\">\n\t\t\t\t\t\t\n\t\t<lazy-media-inline inline-template data-id=\"51995\">\n\t\t\t<figure itemscope itemtype=\"http:\/\/schema.org\/ImageObject\" class=\"lazy-media-inline \" role=\"group\" id=\"media_69f5173fed125\">\n\t\t\t\t<script type=\"application\/json\" ref=\"data\">\n\t\t\t\t{\n\t\t\t\t\"sizes\" : {\"medium\":{\"file\":\"BerlinGlobal-153-1024x1536-1-300x288.jpg\",\"width\":300,\"height\":288,\"mime-type\":\"image\\\/jpeg\",\"filesize\":14386},\"medium_large\":{\"file\":\"BerlinGlobal-153-1024x1536-1-768x738.jpg\",\"width\":768,\"height\":738,\"mime-type\":\"image\\\/jpeg\",\"filesize\":51866},\"small\":{\"file\":\"BerlinGlobal-153-1024x1536-1-440x423.jpg\",\"width\":440,\"height\":423,\"mime-type\":\"image\\\/jpeg\",\"filesize\":24046},\"semi\":{\"file\":\"BerlinGlobal-153-1024x1536-1-580x557.jpg\",\"width\":580,\"height\":557,\"mime-type\":\"image\\\/jpeg\",\"filesize\":34731},\"mobile\":{\"file\":\"BerlinGlobal-153-1024x1536-1-720x692.jpg\",\"width\":720,\"height\":692,\"mime-type\":\"image\\\/jpeg\",\"filesize\":47116},\"original\":{\"file\":\"BerlinGlobal-153-1024x1536-1.jpg\",\"width\":1022,\"height\":982}},\n\t\t\t\t\"alt\" : \"Zwei Kinder stehen in einem abgedunkelten Raum vor einer beleuchteten Wand, in der sich Alltagsobjekte befinden\",\n\t\t\t\t\"path\" : \"\\\/wp-content\\\/uploads\\\/2024\\\/07\\\/\",\n\t\t\t\t\"video\" : null,\n\t\t\t\t\"autoplay\" : null,\n\t\t\t\t\"youtube\" : null,\n\t\t\t\t\"youtubelabel\" : \"play\",\n\t\t\t\t\"brightness\" : 100,\n\t\t\t\t\"crop\" : null,\n\t\t\t\t\"background\" : false,\n\t\t\t\t\"scale\" : 1,\n\t\t\t\t\"zoom\" : false,\n\t\t\t\t\"annotations\" : null\t\t\t\t}\n\t\t\t<\/script>\n\t\t\t\t<div class=\"height-container\" style=\"padding-bottom:96.086105675147%;  \" v-if=\"sizes\">\n\t\t\t\t\t<lazy-media :inline=\"true\" :alt=\"alt\" :sizes=\"sizes\" :scale=\"scale\" :zoom=\"zoom\" :brightness=\"brightness\" :path=\"path\" :video=\"video\" :autoplay=\"autoplay\" :youtube=\"youtube\" :crop=\"crop\" :youtubelabel=\"youtubelabel\" :annotations=\"annotations\" :background=\"background\"><\/lazy-media>\n\n\t\t\t\t\t\t\t\t\t<\/div>\n\n\t\t\t\t\n\t\t\t\t\n\n\n\t\t\t\t\t\t\t\t\t\t<figcaption class=\"\">\n\t\t\t\t\t\t\t\t\t\t\t\t\t\t\t<div class=\"lazy-media-image-label\">These objects come from 17 Berliners, whose stories are told via audio stations.<\/div>\n\t\t\t\t\t\t\t\t\t\t\t\t\t\t\t\t\t\t\t\t\t\t<div class=\"lazy-media-image-description\">\u00a9 Stadtmuseum Berlin | Photo: Anne Preussel <\/div>\n\t\t\t\t\t\t\t\t\t\t\t\t\t<\/figcaption>\n\t\t\t\t\t\t\t\t\t\n\t\t\t   \t\t\t\t\t\t\t<\/figure>\n\t\t<\/lazy-media-inline>\n\t\t\t\t\t\t\t<\/div>\n\t\t\t\t<\/div>\n\t\t\t\t<div class=\"col-xs-12 col-md-5 col-md-offset-1 first-xs margin-bottom-third  block-header-article--text\">\n\t\t\t\t\t<div class=\"box\">\n\t\t\t\t\t\t<h1 class=\"zeplin-subHead01 margin-bottom-sixth\">Interconnection<\/h1>\n\t\t\t\t\t<\/div>\n\t\t\t\t\t<div class=\"box\">\n\t\t\t\t\t\t<div class=\"copy margin-bottom-third\">\n\t\t\t\t\t\t\t<p>In today&#8217;s globalised world, it is no longer an exception that people are not only connected to one place, but have points of reference in many other countries. In BERLIN GLOBAL&#8217;s room Interconnection, 17 Berliners are presented in short audio features who are connected to other places in the world in very different ways.<\/p>\n\t\t\t\t\t\t<\/div>\n\t\t\t\t\t<\/div>\n\t\t\t\t\t\n\t\t\t\t\t<div class=\" has-highlight-color\">\n\t\t\t\t\t\t\t\t\t\t\t<\/div>\n\t\t\t\t<\/div>\n\n\n\n\t\t\t\t\t<\/div>\n\t<\/div>\n<\/section>\n\n\n\n<section class=\"block block-standard-image block-standard-image-large\">\n\t\t\t<div >\n\t\t\t\n\t\t<lazy-media-inline inline-template data-id=\"55024\">\n\t\t\t<figure itemscope itemtype=\"http:\/\/schema.org\/ImageObject\" class=\"lazy-media-inline \" role=\"group\" id=\"media_69f5173feecfa\">\n\t\t\t\t<script type=\"application\/json\" ref=\"data\">\n\t\t\t\t{\n\t\t\t\t\"sizes\" : {\"medium\":{\"file\":\"BG_Webbanner-Stadtmuseum_2560x1200px_Interconnection-300x141.png\",\"width\":300,\"height\":141,\"mime-type\":\"image\\\/png\",\"filesize\":42450},\"large\":{\"file\":\"BG_Webbanner-Stadtmuseum_2560x1200px_Interconnection-1024x480.png\",\"width\":1024,\"height\":480,\"mime-type\":\"image\\\/png\",\"filesize\":241522},\"medium_large\":{\"file\":\"BG_Webbanner-Stadtmuseum_2560x1200px_Interconnection-768x360.png\",\"width\":768,\"height\":360,\"mime-type\":\"image\\\/png\",\"filesize\":163915},\"1536x1536\":{\"file\":\"BG_Webbanner-Stadtmuseum_2560x1200px_Interconnection-1536x720.png\",\"width\":1536,\"height\":720,\"mime-type\":\"image\\\/png\",\"filesize\":419267},\"2048x2048\":{\"file\":\"BG_Webbanner-Stadtmuseum_2560x1200px_Interconnection-2048x960.png\",\"width\":2048,\"height\":960,\"mime-type\":\"image\\\/png\",\"filesize\":618038},\"small\":{\"file\":\"BG_Webbanner-Stadtmuseum_2560x1200px_Interconnection-440x206.png\",\"width\":440,\"height\":206,\"mime-type\":\"image\\\/png\",\"filesize\":73676},\"semi\":{\"file\":\"BG_Webbanner-Stadtmuseum_2560x1200px_Interconnection-580x272.png\",\"width\":580,\"height\":272,\"mime-type\":\"image\\\/png\",\"filesize\":109515},\"mobile\":{\"file\":\"BG_Webbanner-Stadtmuseum_2560x1200px_Interconnection-720x338.png\",\"width\":720,\"height\":338,\"mime-type\":\"image\\\/png\",\"filesize\":148602},\"hd\":{\"file\":\"BG_Webbanner-Stadtmuseum_2560x1200px_Interconnection-1280x600.png\",\"width\":1280,\"height\":600,\"mime-type\":\"image\\\/png\",\"filesize\":311963},\"full\":{\"file\":\"BG_Webbanner-Stadtmuseum_2560x1200px_Interconnection-1920x900.png\",\"width\":1920,\"height\":900,\"mime-type\":\"image\\\/png\",\"filesize\":598313},\"original\":{\"file\":\"BG_Webbanner-Stadtmuseum_2560x1200px_Interconnection.png\",\"width\":2560,\"height\":1200}},\n\t\t\t\t\"alt\" : \"\",\n\t\t\t\t\"path\" : \"\\\/wp-content\\\/uploads\\\/2024\\\/09\\\/\",\n\t\t\t\t\"video\" : null,\n\t\t\t\t\"autoplay\" : null,\n\t\t\t\t\"youtube\" : null,\n\t\t\t\t\"youtubelabel\" : \"play\",\n\t\t\t\t\"brightness\" : 100,\n\t\t\t\t\"crop\" : null,\n\t\t\t\t\"background\" : false,\n\t\t\t\t\"scale\" : 1,\n\t\t\t\t\"zoom\" : false,\n\t\t\t\t\"annotations\" : null\t\t\t\t}\n\t\t\t<\/script>\n\t\t\t\t<div class=\"height-container\" style=\"padding-bottom:46.875%;  \" v-if=\"sizes\">\n\t\t\t\t\t<lazy-media :inline=\"true\" :alt=\"alt\" :sizes=\"sizes\" :scale=\"scale\" :zoom=\"zoom\" :brightness=\"brightness\" :path=\"path\" :video=\"video\" :autoplay=\"autoplay\" :youtube=\"youtube\" :crop=\"crop\" :youtubelabel=\"youtubelabel\" :annotations=\"annotations\" :background=\"background\"><\/lazy-media>\n\n\t\t\t\t\t\t\t\t\t<\/div>\n\n\t\t\t\t\n\t\t\t\t\t\t\t\t  <div class=\"container-fluid\">\n\t\t\t\t\t  <div class=\"row\">\n\t\t\t\t\t  \t<div class=\"col-xs-12\">\n\t\t\t\t\t\t\n\n\n\t\t\t\t\t\t\t\t\n\t\t\t   \t\t\t\t\t\t<\/div>\n\t\t\t\t\t  <\/div>\n\t\t\t\t  <\/div>\n\t\t\t\t\t\t\t\t\t\t<\/figure>\n\t\t<\/lazy-media-inline>\n\t\t\t\t<\/div>\n\t<\/section>\n\n\n<section class=\"block block-headline block-no-margin\" >\n\t<div class=\"container-fluid\">\n\t\t<div class=\"row\">\n\t\t\t\t\t\t<div class=\"col-xs-12 col-md-7\">\n\t\t\t\t<div class=\"box\">\n\t\t\t\t\t<h2 class=\"h3\">This is what awaits you:<\/h2>\n\t\t\t\t<\/div>\n\t\t\t<\/div>\n\t\t\t\t\t<\/div>\n\t<\/div>\n<\/section>\n\n\n\n\n<section class=\"block block-copy\">\n\t<div class=\"container-fluid\">\n\t\t<div class=\"row\">\n\t\t\t<div class=\"col-xs-10 col-md-7\">\n\t\t\t\t<div class=\"copy\">\n\t\t\t\t\t\n<div>\n<ul>\n<li>Objects and audio features by Berliners<\/li>\n\n\n\n<li>Art by the Tape That collective<\/li>\n\n\n\n<li>Interactive media station about our own interdependence with the world<\/li>\n<\/ul>\n<\/div>\n\t\t\t\t<\/div>\n\t\t\t<\/div>\n\t\t<\/div>\n\t<\/div>\n<\/section>\n\n\n\n\n<section class=\"block block-audio\">\n\t<div class=\"container-fluid\">\n\t\t<div class=\"row\">\n\t\t\t<div class=\"col-xs-12 col-md-4\">\n\t\t\t\t<div class=\"box\">\n\t\t\t\t\t<standard-audio inline-template>\n\t\t\t\t\t\t<div>\n\t\t\t\t\t\t\t<figure class=\"audio-player\" ref=\"player\">\n\t\t\t\t\t\t\t\t<script type=\"application\/json\" ref=\"data\">\n\t\t\t\t\t\t\t\t{\n\t\t\t\t\t\t\t\t\"src\" :  \"https:\\\/\\\/www.stadtmuseum.de\\\/wp-content\\\/uploads\\\/2022\\\/12\\\/Sound-of-Verflechtung-_Made-by-Headliner_-_2_.wav\",\n\t\t\t\t\t\t\t\t\"label\"  : null,\n\t\t\t\t\t\t\t\t\"description\"  : \"What Interconnection sounds like\"\t\t\t\t\t\t\t\t}\n\t\t\t\t\t\t\t\t<\/script>\n\t\t\t\t\t\t\t\t<div class=\"audio-player-row audio-player-top\">\n\t\t\t\t\t\t\t\t\t<div class=\"audio-player-btns\" :class=\"{ playing: playing }\" >\n\t\t\t\t\t\t\t\t\t\t<button type=\"button\" class=\"ho-button is-extra-large is-secondary has-icon audio-player-btns-play\" @click=\"play\" aria-label=\"Audio Abspielen\">\n\t\t\t\t\t\t\t\t\t\t\t<span class=\"ho-button-icon icon-play\"><\/span>\n\t\t\t\t\t\t\t\t\t\t<\/button>\n\n\t\t\t\t\t\t\t\t\t\t<button type=\"button\" class=\"ho-button is-extra-large is-secondary has-icon audio-player-btns-pause\" @click=\"pause\" aria-label=\"Audio Abspielen\">\n\t\t\t\t\t\t\t\t\t\t\t<span class=\"ho-button-icon icon-pause\"><\/span>\n\t\t\t\t\t\t\t\t\t\t<\/button>\n\t\t\t\t\t\t\t\t\t<\/div>\n\n\t\t\t\t\t\t\t\t\t<div>\n\t\t\t\t\t\t\t\t\t\t\t\t\t\t\t\t\t\t\t\t\t\t\t\t\t\t\t\t\t\t\t<h5 class=\"audio-player-headline\">What Interconnection sounds like<\/h5>\n\t\t\t\t\t\t\t\t\t\t\n\t\t\t\t\t\t\t\t\t\t<div class=\"audio-player-row zeplin-category insignificant\" aria-hidden=\"true\">\n\t\t\t\t\t\t\t\t\t\t\t<div class=\"audio-player-timer-start\" v-html=\"this.$options.filters.secondsAsTime(time)\" aria-hidden=\"true\">00:00<\/div>\n\t\t\t\t\t\t\t\t\t\t\t<div class=\"audio-player-timer-spacer\">\/<\/div>\n\t\t\t\t\t\t\t\t\t\t\t\t\t\t\t\t\t\t\t\t\t\t<div class=\"audio-player-timer-end\" aria-hidden=\"true\">00:59<\/div>\n\t\t\t\t\t\t\t\t\t\t<\/div>\n\t\t\t\t\t\t\t\t\t<\/div>\n\t\t\t\t\t\t\t\t<\/div>\n\t\t\t\t\t\t\t<\/figure>\n\t\t\t\t\t\t<\/div>\n\t\t\t\t\t<\/standard-audio>\n\t\t\t\t<\/div>\n\t\t\t<\/div>\n\t\t<\/div>\n\t<\/div>\n<\/section>\n\n\n\t<section class=\"block block-full-teaser   has-invert-color align-full\">\n\t<div class=\"block-full-teaser-image\">\n\t\t\n\t\t<lazy-media-inline inline-template data-id=\"2315\">\n\t\t\t<figure itemscope itemtype=\"http:\/\/schema.org\/ImageObject\" class=\"lazy-media-inline \" role=\"group\" id=\"media_69f5173ff0f75\">\n\t\t\t\t<script type=\"application\/json\" ref=\"data\">\n\t\t\t\t{\n\t\t\t\t\"sizes\" : {\"medium\":{\"file\":\"BerlinGlobal-392-300x200.jpg\",\"width\":300,\"height\":200,\"mime-type\":\"image\\\/jpeg\",\"filesize\":19838},\"large\":{\"file\":\"BerlinGlobal-392-1024x683.jpg\",\"width\":1024,\"height\":683,\"mime-type\":\"image\\\/jpeg\",\"filesize\":126715},\"medium_large\":{\"file\":\"BerlinGlobal-392-768x512.jpg\",\"width\":768,\"height\":512,\"mime-type\":\"image\\\/jpeg\",\"filesize\":82626},\"1536x1536\":{\"file\":\"BerlinGlobal-392-1536x1024.jpg\",\"width\":1536,\"height\":1024,\"mime-type\":\"image\\\/jpeg\",\"filesize\":231727},\"2048x2048\":{\"file\":\"BerlinGlobal-392-2048x1365.jpg\",\"width\":2048,\"height\":1365,\"mime-type\":\"image\\\/jpeg\",\"filesize\":366743},\"small\":{\"file\":\"BerlinGlobal-392-440x293.jpg\",\"width\":440,\"height\":293,\"mime-type\":\"image\\\/jpeg\",\"filesize\":36141},\"semi\":{\"file\":\"BerlinGlobal-392-580x387.jpg\",\"width\":580,\"height\":387,\"mime-type\":\"image\\\/jpeg\",\"filesize\":55133},\"mobile\":{\"file\":\"BerlinGlobal-392-720x480.jpg\",\"width\":720,\"height\":480,\"mime-type\":\"image\\\/jpeg\",\"filesize\":75201},\"hd\":{\"file\":\"BerlinGlobal-392-1280x853.jpg\",\"width\":1280,\"height\":853,\"mime-type\":\"image\\\/jpeg\",\"filesize\":176491},\"full\":{\"file\":\"BerlinGlobal-392-1920x1280.jpg\",\"width\":1920,\"height\":1280,\"mime-type\":\"image\\\/jpeg\",\"filesize\":329135},\"original\":{\"file\":\"BerlinGlobal-392.jpg\",\"width\":3000,\"height\":2000}},\n\t\t\t\t\"alt\" : \"\",\n\t\t\t\t\"path\" : \"\\\/wp-content\\\/uploads\\\/2022\\\/10\\\/\",\n\t\t\t\t\"video\" : null,\n\t\t\t\t\"autoplay\" : null,\n\t\t\t\t\"youtube\" : null,\n\t\t\t\t\"youtubelabel\" : \"play\",\n\t\t\t\t\"brightness\" : 68,\n\t\t\t\t\"crop\" : {\"x\":0.5,\"y\":0.5},\n\t\t\t\t\"background\" : true,\n\t\t\t\t\"scale\" : 2,\n\t\t\t\t\"zoom\" : false,\n\t\t\t\t\"annotations\" : null\t\t\t\t}\n\t\t\t<\/script>\n\t\t\t\t<div class=\"height-container\" style=\"padding-bottom:66.666666666667%;  \" v-if=\"sizes\">\n\t\t\t\t\t<lazy-media :inline=\"true\" :alt=\"alt\" :sizes=\"sizes\" :scale=\"scale\" :zoom=\"zoom\" :brightness=\"brightness\" :path=\"path\" :video=\"video\" :autoplay=\"autoplay\" :youtube=\"youtube\" :crop=\"crop\" :youtubelabel=\"youtubelabel\" :annotations=\"annotations\" :background=\"background\"><\/lazy-media>\n\n\t\t\t\t\t\t\t\t\t<\/div>\n\n\t\t\t\t\n\t\t\t\t\n\n\n\t\t\t\t\t\t\t\t\t\t<figcaption class=\"\">\n\t\t\t\t\t\t\t\t\t\t\t\t\t\t\t<div class=\"lazy-media-image-label\">F\u00fcr eine \u00dcberraschung gut: die begehbare Diskokugel im Raum Vergn\u00fcgen.<\/div>\n\t\t\t\t\t\t\t\t\t\t\t\t\t\t\t\t\t\t\t\t<\/figcaption>\n\t\t\t\t\t\t\t\t\t\n\t\t\t   \t\t\t\t\t\t\t<\/figure>\n\t\t<\/lazy-media-inline>\n\t\t\t<\/div>\n\t<div class=\"block-full-teaser-content-wrapper\">\n\t\t<div class=\"container-fluid\">\n\t\t\t<div class=\"row block-full-teaser-content center-xs middle-xs\">\n\t\t\t\t<div class=\"col-xs-1 col-sm-2 col-md-3\"><\/div>\n\t\t\t\t<div class=\"col-xs-10 col-md-6\">\n\t\t\t\t\t<h3 class=\"zeplin-heading margin-bottom-half\">BERLIN GLOBAL<\/h3>\n\t\t\t\t<\/div>\n\t\t\t\t<div class=\"col-xs-1 col-sm-2 col-md-3\"><\/div>\n\t\t\t\t<div class=\"col-xs-8 col-sm-6 col-md-4\">\n\t\t\t\t\t<div class=\"copy\">\n\t\t\t\t\t\t<p>BERLIN GLOBAL shows on 4,000 square meters in the Humboldt Forum how the city and its people are connected to the world.<\/p>\n\t\t\t\t\t<\/div>\n\t\t\t\t<\/div>\n\t\t\t\t\t\t\t\t<div class=\"col-xs-12 padding-top\">\n\t\t\t\t\t<div class='ho-button-group' >\n\n<div class=\"block-buttons-item\">\n<a href=\"https:\/\/www.stadtmuseum.de\/en\/exhibition\/berlin-global\" target=\"\" class=\"ho-button is-large is-secondary\">\n<span class=\"ho-button-label\">\n\tGet your ticket now!<\/span>\n<\/a>\n<\/div>\n<\/div>\t\t\t\t<\/div>\n\t\t\t\t\t\t\t<\/div>\n\t\t<\/div>\n\t<\/div>\n<\/section>\n\n\n<section class=\"block block-headline block-no-margin\"  id='info-and-service-berlin-global' data-anchor='info-and-service-berlin-global' data-anchor-name='Info &amp; Service'>\n\t<div class=\"container-fluid\">\n\t\t<div class=\"row\">\n\t\t\t\t\t\t<div class=\"col-xs-12 col-md-7\">\n\t\t\t\t<div class=\"box\">\n\t\t\t\t\t<h2 class=\"h3\">Info &#038; Service<\/h2>\n\t\t\t\t<\/div>\n\t\t\t<\/div>\n\t\t\t\t\t<\/div>\n\t<\/div>\n<\/section>\n\n\n<section class=\"block block-copy-info  block-no-margin\">\n\t<div class=\"container-fluid\">\n\t\t<div class=\"row\">\n\t\t\t<div class=\"col-xs-12 col-md-2 padding-top-sixth margin-bottom-sixth\">\n\t\t\t\t<div class=\"box\">\n\t\t\t\t\t<div class=\"copy\">\n\t\t\t\t\t\t<h5>Opening Hours<\/h5>\n\t\t\t\t\t<\/div>\n\t\t\t\t<\/div>\n\t\t\t<\/div>\n\n\t\t\t<div class=\"col-xs-12 col-md-8 col-md-offset-1 padding-top-sixth margin-bottom-sixth\">\n\t\t\t\t<div class=\"box\">\n\t\t\t\t\t<div class=\"copy editor\">\n\t\t\t\t\t\t<p>Mon + Wed \u2013 Sun | 10.30 am \u2013 6.30 pm<br>Tue | closed<br><br>Last admission is at 5.30 pm<\/p>\n\t\t\t\t\t<\/div>\n\t\t\t\t<\/div>\n\t\t\t<\/div>\n\t\t<\/div>\n\t\t<div class=\"row\">\n\t\t\t<div class=\"col-xs-12 col-md-8 col-md-offset-3\">\n\t\t\t\t<div class=\"box\">\n\t\t\t\t\t\n<div class='ho-button-group' ><\/div>\n\t\t\t\t<\/div>\n\t\t\t<\/div>\n\t\t<\/div>\n\t<\/div>\n<\/section>\n\n\n<section class=\"block block-copy-info  block-no-margin\">\n\t<div class=\"container-fluid\">\n\t\t<div class=\"row\">\n\t\t\t<div class=\"col-xs-12 col-md-2 padding-top-sixth margin-bottom-sixth\">\n\t\t\t\t<div class=\"box\">\n\t\t\t\t\t<div class=\"copy\">\n\t\t\t\t\t\t<h5>Special Opening Hours<\/h5>\n\t\t\t\t\t<\/div>\n\t\t\t\t<\/div>\n\t\t\t<\/div>\n\n\t\t\t<div class=\"col-xs-12 col-md-8 col-md-offset-1 padding-top-sixth margin-bottom-sixth\">\n\t\t\t\t<div class=\"box\">\n\t\t\t\t\t<div class=\"copy editor\">\n\t\t\t\t\t\t<p>Fri, 1 May 2026 (Labour Day) | 10.30 am \u2013 6.30 pm<br>Thu, 14 May 2026 (Ascension Day) | 10.30 am \u2013 6.30 pm<br>Wed, 20 May 2026 (private event) | 10.30 \u2013 14.30 pm<br>Mon, 25 May 2026 (Whit Monday) | 10.30 am \u2013 6.30 pm<br>Fri, 25 June 2026 (private event) | 11.30 \u2013 18.30 pm<br>Sat, 3 October 2026 (German Unity Day) | 10.30 am \u2013 6.30 pm<br><br>Last admission is at 5.30 pm<\/p>\n\t\t\t\t\t<\/div>\n\t\t\t\t<\/div>\n\t\t\t<\/div>\n\t\t<\/div>\n\t\t<div class=\"row\">\n\t\t\t<div class=\"col-xs-12 col-md-8 col-md-offset-3\">\n\t\t\t\t<div class=\"box\">\n\t\t\t\t\t\n<div class='ho-button-group' ><\/div>\n\t\t\t\t<\/div>\n\t\t\t<\/div>\n\t\t<\/div>\n\t<\/div>\n<\/section>\n\n\n<section class=\"block block-copy-info  block-no-margin\">\n\t<div class=\"container-fluid\">\n\t\t<div class=\"row\">\n\t\t\t<div class=\"col-xs-12 col-md-2 padding-top-sixth margin-bottom-sixth\">\n\t\t\t\t<div class=\"box\">\n\t\t\t\t\t<div class=\"copy\">\n\t\t\t\t\t\t<h5>Closing Times<\/h5>\n\t\t\t\t\t<\/div>\n\t\t\t\t<\/div>\n\t\t\t<\/div>\n\n\t\t\t<div class=\"col-xs-12 col-md-8 col-md-offset-1 padding-top-sixth margin-bottom-sixth\">\n\t\t\t\t<div class=\"box\">\n\t\t\t\t\t<div class=\"copy editor\">\n\t\t\t\t\t\t<p>Due to maintenance work, the exhibition will be <strong>closed from 4  to 6 May 2026<\/strong>. On <strong>7 and 8 May 2026<\/strong>,<strong> parts of the exhibition may be closed<\/strong> due to maintenance work. The exhibition will reopen as normal on 9 May 2026. <br><br>On <strong>20 May 2026<\/strong>, the exhibition will close at 2.30 pm due to an internal event. <br><br>Thank you for your understanding.<\/p>\n\t\t\t\t\t<\/div>\n\t\t\t\t<\/div>\n\t\t\t<\/div>\n\t\t<\/div>\n\t\t<div class=\"row\">\n\t\t\t<div class=\"col-xs-12 col-md-8 col-md-offset-3\">\n\t\t\t\t<div class=\"box\">\n\t\t\t\t\t\n<div class='ho-button-group' ><\/div>\n\t\t\t\t<\/div>\n\t\t\t<\/div>\n\t\t<\/div>\n\t<\/div>\n<\/section>\n\n\n<section class=\"block block-copy-info  block-no-margin\">\n\t<div class=\"container-fluid\">\n\t\t<div class=\"row\">\n\t\t\t<div class=\"col-xs-12 col-md-2 padding-top-sixth margin-bottom-sixth\">\n\t\t\t\t<div class=\"box\">\n\t\t\t\t\t<div class=\"copy\">\n\t\t\t\t\t\t<h5>Directions<\/h5>\n\t\t\t\t\t<\/div>\n\t\t\t\t<\/div>\n\t\t\t<\/div>\n\n\t\t\t<div class=\"col-xs-12 col-md-8 col-md-offset-1 padding-top-sixth margin-bottom-sixth\">\n\t\t\t\t<div class=\"box\">\n\t\t\t\t\t<div class=\"copy editor\">\n\t\t\t\t\t\t<p>Schlossplatz<br>10178 Berlin<\/p>\n\t\t\t\t\t<\/div>\n\t\t\t\t<\/div>\n\t\t\t<\/div>\n\t\t<\/div>\n\t\t<div class=\"row\">\n\t\t\t<div class=\"col-xs-12 col-md-8 col-md-offset-3\">\n\t\t\t\t<div class=\"box\">\n\t\t\t\t\t\n<div class='ho-button-group' ><\/div>\n\t\t\t\t<\/div>\n\t\t\t<\/div>\n\t\t<\/div>\n\t<\/div>\n<\/section>\n\n\n\n<section class=\"block block-buttons block-buttons-callToAction\">\n\t<div class=\"container-fluid\">\n\t\t<div class=\"row\">\n\t\t\t<div class=\"col-xs-12 col-md-7 block-buttons-wrapper\">\n\t\t\t\t\n<div class='ho-button-group' >\n\n<div class=\"block-buttons-item\">\n<a href=\"https:\/\/g.page\/humboldtforum?share\" target=\"_blank\" class=\"ho-button is-large is-secondary\">\n<span class=\"ho-button-label\">\n\tGoogle Maps<\/span>\n<\/a>\n<\/div>\n\n\n\n\n<div class=\"block-buttons-item\">\n<a href=\"https:\/\/www.bvg.de\/en\/connections\/connection-search\" target=\"_blank\" class=\"ho-button is-large is-secondary\">\n<span class=\"ho-button-label\">\n\tBus &amp; Train<\/span>\n<\/a>\n<\/div>\n<\/div>\n\t\t\t<\/div>\n\t\t<\/div>\n\t<\/div>\n<\/section>\n\n\n<section class=\"block block-copy-info \">\n\t<div class=\"container-fluid\">\n\t\t<div class=\"row\">\n\t\t\t<div class=\"col-xs-12 col-md-2 padding-top-sixth margin-bottom-sixth\">\n\t\t\t\t<div class=\"box\">\n\t\t\t\t\t<div class=\"copy\">\n\t\t\t\t\t\t<h5>Contact<\/h5>\n\t\t\t\t\t<\/div>\n\t\t\t\t<\/div>\n\t\t\t<\/div>\n\n\t\t\t<div class=\"col-xs-12 col-md-8 col-md-offset-1 padding-top-sixth margin-bottom-sixth\">\n\t\t\t\t<div class=\"box\">\n\t\t\t\t\t<div class=\"copy editor\">\n\t\t\t\t\t\t<p>For ticketing and service requests, please contact the Humboldt Forum <a rel=\"noreferrer noopener\" href=\"https:\/\/www.humboldtforum.org\/en\/contact-us\/\" target=\"_blank\">Visitor Services<\/a>:<br>+49 30 9921 189 89<br>Mo \u2013 Fri, 10 a.m.\u2013 6 p.m.<\/p>\n\t\t\t\t\t<\/div>\n\t\t\t\t<\/div>\n\t\t\t<\/div>\n\t\t<\/div>\n\t\t<div class=\"row\">\n\t\t\t<div class=\"col-xs-12 col-md-8 col-md-offset-3\">\n\t\t\t\t<div class=\"box\">\n\t\t\t\t\t\n<div class='ho-button-group' ><\/div>\n\t\t\t\t<\/div>\n\t\t\t<\/div>\n\t\t<\/div>\n\t<\/div>\n<\/section>\n\n\n<section class=\"block block-headline block-no-margin\"  id='tickets-berlin-global' data-anchor='tickets-berlin-global' data-anchor-name='Tickets'>\n\t<div class=\"container-fluid\">\n\t\t<div class=\"row\">\n\t\t\t\t\t\t<div class=\"col-xs-12 col-md-7\">\n\t\t\t\t<div class=\"box\">\n\t\t\t\t\t<h2 class=\"h3\">Tickets<\/h2>\n\t\t\t\t<\/div>\n\t\t\t<\/div>\n\t\t\t\t\t<\/div>\n\t<\/div>\n<\/section>\n\n\n<section class=\"block block-copy-info \">\n\t<div class=\"container-fluid\">\n\t\t<div class=\"row\">\n\t\t\t<div class=\"col-xs-12 col-md-2 padding-top-sixth margin-bottom-sixth\">\n\t\t\t\t<div class=\"box\">\n\t\t\t\t\t<div class=\"copy\">\n\t\t\t\t\t\t<h5>Day Ticket<\/h5>\n\t\t\t\t\t<\/div>\n\t\t\t\t<\/div>\n\t\t\t<\/div>\n\n\t\t\t<div class=\"col-xs-12 col-md-8 col-md-offset-1 padding-top-sixth margin-bottom-sixth\">\n\t\t\t\t<div class=\"box\">\n\t\t\t\t\t<div class=\"copy editor\">\n\t\t\t\t\t\t<p>9 euros \/ 0 euros (reduced)<\/p>\n\t\t\t\t\t<\/div>\n\t\t\t\t<\/div>\n\t\t\t<\/div>\n\t\t<\/div>\n\t\t<div class=\"row\">\n\t\t\t<div class=\"col-xs-12 col-md-8 col-md-offset-3\">\n\t\t\t\t<div class=\"box\">\n\t\t\t\t\t\n<div class='ho-button-group' >\n\n<div class=\"block-buttons-item\">\n<a href=\"https:\/\/tickets.humboldtforum.org\/#\/tickets\/time?museum_id=1&#038;exhibition_id=1&#038;group=day\"  target=\"_blank\" class=\"ho-button has-icon-text-outside\">\n\t<span class=\"ho-button-icon icon-pfeilRechts\"><\/span>\n\t<span class=\"ho-button-label\">\n\t\tTicketshop\t<\/span>\n<\/a>\n<\/div>\n<\/div>\n\t\t\t\t<\/div>\n\t\t\t<\/div>\n\t\t<\/div>\n\t<\/div>\n<\/section>\n\n\n<section class=\"block block-copy-info \">\n\t<div class=\"container-fluid\">\n\t\t<div class=\"row\">\n\t\t\t<div class=\"col-xs-12 col-md-2 padding-top-sixth margin-bottom-sixth\">\n\t\t\t\t<div class=\"box\">\n\t\t\t\t\t<div class=\"copy\">\n\t\t\t\t\t\t<h5>Humboldt Forum Combi Ticket<\/h5>\n\t\t\t\t\t<\/div>\n\t\t\t\t<\/div>\n\t\t\t<\/div>\n\n\t\t\t<div class=\"col-xs-12 col-md-8 col-md-offset-1 padding-top-sixth margin-bottom-sixth\">\n\t\t\t\t<div class=\"box\">\n\t\t\t\t\t<div class=\"copy editor\">\n\t\t\t\t\t\t<p>14 euros \/ 7 euros (reduced)<br>Two-day ticket: 18 euros \/ 9 euros (reduced)<br>Day group ticket: 50 euros<\/p>\n\t\t\t\t\t<\/div>\n\t\t\t\t<\/div>\n\t\t\t<\/div>\n\t\t<\/div>\n\t\t<div class=\"row\">\n\t\t\t<div class=\"col-xs-12 col-md-8 col-md-offset-3\">\n\t\t\t\t<div class=\"box\">\n\t\t\t\t\t\n<div class='ho-button-group' >\n\n<div class=\"block-buttons-item\">\n<a href=\"https:\/\/tickets.humboldtforum.org\/#\/tickets\/time?museum_id=1&#038;exhibition_id=1&#038;group=day\"  target=\"_blank\" class=\"ho-button has-icon-text-outside\">\n\t<span class=\"ho-button-icon icon-pfeilRechts\"><\/span>\n\t<span class=\"ho-button-label\">\n\t\tTicketshop\t<\/span>\n<\/a>\n<\/div>\n<\/div>\n\t\t\t\t<\/div>\n\t\t\t<\/div>\n\t\t<\/div>\n\t<\/div>\n<\/section>\n\n\n\n<section class=\"block block-accordion\">\n\t<div class=\"container-fluid\">\n\t\t<div class=\"row\">\n\t\t\t<div class=\"col-xs-12\">\n\t\t\t\t<div class=\"box\">\n\t\t\t\t\t<block-accordion inline-template>\n\t\t\t\t\t\t<div class=\"accordion\" role=\"tablist\">\n\t\t\t\t\t\t\t\n<div>\n<block-accordion-item inline-template>\n\t<div ref=\"item\" data-id=\"FreeadmissionSolidarity-basedmodel\" class=\"block-accordion-item vue-initialize\" role=\"tab\" aria-expanded=\"false\" :aria-expanded=\"active ? 'true' : 'false'\">\n\t\t<button class=\"block-accordion-item-head\" :class=\"{'button-active': active}\" ref=\"head\" aria-controls=\"acc_69f5173ff276e\" id=\"acc_title_69f5173ff276f\" @click=\"toggle\" @keydown=\"key\">\n\t\t\t<span class=\"button-label zeplin-subHead05\">Free admission: Solidarity-based model<\/span>\n\t\t\t<span class=\"button-icon icon-navi_close\" aria-hidden=\"true\"><\/span>\n\t\t<\/button>\n\t\t<div ref=\"body\" class=\"block-accordion-item-content\" id=\"acc_69f5173ff276e\" role=\"tabpanel\">\n\t\t\t<div class=\"row\">\n\t\t\t\t<div class=\"col-xs-10 col-md-7\">\n\t\t\t\t\t<div class=\"wrapper\">\n\t\t\t\t\t\t<div class=\"copy padding-bottom-third\">\n\t\t\t\t\t\t\tFree admission for children and adolescents up to 18 years of age, for students, international students, persons with an electronic residence permit (eAT), FSJ volunteers, recipients of transfer payments (ALG I \/ B\u00fcrgergeld) or persons with severe disabilities (at least 50%), Personal Assistants of persons with severe disabilities (at least 50%), holders of the MuseumsPass Berlin, press, partner institutions, sponsors and members of the support associations, ICOM members. Until the end of the exhibition project \u2018Beziehungsweise Familie\u2019 (Family Matters) at the Humboldt Forum, holders of a valid ticket for the Humboldt Forum will receive free admission to the Museum Knoblauchhaus.\t\t\t\t\t\t<\/div>\n\t\t\t\t\t<\/div>\n\t\t\t\t<\/div>\n\t\t\t<\/div>\n\t\t<\/div>\n\t<\/div>\n<\/block-accordion-item>\n\n\n\n\n<block-accordion-item inline-template>\n\t<div ref=\"item\" data-id=\"HumboldtForumCombiTicket\" class=\"block-accordion-item vue-initialize\" role=\"tab\" aria-expanded=\"false\" :aria-expanded=\"active ? 'true' : 'false'\">\n\t\t<button class=\"block-accordion-item-head\" :class=\"{'button-active': active}\" ref=\"head\" aria-controls=\"acc_69f5173ff28a2\" id=\"acc_title_69f5173ff28a3\" @click=\"toggle\" @keydown=\"key\">\n\t\t\t<span class=\"button-label zeplin-subHead05\">Humboldt Forum Combi Ticket<\/span>\n\t\t\t<span class=\"button-icon icon-navi_close\" aria-hidden=\"true\"><\/span>\n\t\t<\/button>\n\t\t<div ref=\"body\" class=\"block-accordion-item-content\" id=\"acc_69f5173ff28a2\" role=\"tabpanel\">\n\t\t\t<div class=\"row\">\n\t\t\t\t<div class=\"col-xs-10 col-md-7\">\n\t\t\t\t\t<div class=\"wrapper\">\n\t\t\t\t\t\t<div class=\"copy padding-bottom-third\">\n\t\t\t\t\t\t\tThe Humboldt Forum Combi Ticket is valid for BERLIN GLOBAL, the collections of the Ethnological Museum and the Museum of Asian Art, as well as other temporary exhibitions at the Humboldt Forum. The ticket is also valid for the special exhibition \u2018Beziehungsweise Familie\u2019 (Relationship or Family) with interventions at the Humboldt Forum and the Museum Knoblauchhaus in the Nikolaiviertel.<br><br><strong>Day ticket<\/strong><br>Validity: 1 day according to the selected date<br><br><strong>Two-day ticket<\/strong><br>Validity: 2 days according to the selected date + the following day<br><br><strong>Day group ticket<\/strong><br>Validity: 1 day according to the selected date, up to 5 adults, with or without children\t\t\t\t\t\t<\/div>\n\t\t\t\t\t<\/div>\n\t\t\t\t<\/div>\n\t\t\t<\/div>\n\t\t<\/div>\n\t<\/div>\n<\/block-accordion-item>\n\n\n\n\n<block-accordion-item inline-template>\n\t<div ref=\"item\" data-id=\"Specialprice5euros\" class=\"block-accordion-item vue-initialize\" role=\"tab\" aria-expanded=\"false\" :aria-expanded=\"active ? 'true' : 'false'\">\n\t\t<button class=\"block-accordion-item-head\" :class=\"{'button-active': active}\" ref=\"head\" aria-controls=\"acc_69f5173ff29b7\" id=\"acc_title_69f5173ff29b8\" @click=\"toggle\" @keydown=\"key\">\n\t\t\t<span class=\"button-label zeplin-subHead05\">Special price 5 euros<\/span>\n\t\t\t<span class=\"button-icon icon-navi_close\" aria-hidden=\"true\"><\/span>\n\t\t<\/button>\n\t\t<div ref=\"body\" class=\"block-accordion-item-content\" id=\"acc_69f5173ff29b7\" role=\"tabpanel\">\n\t\t\t<div class=\"row\">\n\t\t\t\t<div class=\"col-xs-10 col-md-7\">\n\t\t\t\t\t<div class=\"wrapper\">\n\t\t\t\t\t\t<div class=\"copy padding-bottom-third\">\n\t\t\t\t\t\t\tfor Ehrenamts-Card holders, members of the Theater Gemeinde Berlin and with the WelcomeCard 2023\t\t\t\t\t\t<\/div>\n\t\t\t\t\t<\/div>\n\t\t\t\t<\/div>\n\t\t\t<\/div>\n\t\t<\/div>\n\t<\/div>\n<\/block-accordion-item>\n\n<\/div>\n\t\t\t\t\t\t<\/div>\n\t\t\t\t\t<\/block-accordion>\n\t\t\t\t<\/div>\n\t\t\t<\/div>\n\t\t<\/div>\n\t<\/div>\n<\/section>\n","protected":false},"excerpt":{"rendered":"<p>In today&#8217;s globalised world, it is no longer an exception that people are not only connected to one place, but have points of reference in many other countries. In BERLIN GLOBAL&#8217;s room Interconnection, 17 Berliners are presented in short audio features who are connected to other places in the world in very different ways.<\/p>\n","protected":false},"featured_media":51995,"template":"","ho_author":[],"ho_category":[],"acf":[],"_links":{"self":[{"href":"https:\/\/www.stadtmuseum.de\/en\/wp-json\/wp\/v2\/article\/52412"}],"collection":[{"href":"https:\/\/www.stadtmuseum.de\/en\/wp-json\/wp\/v2\/article"}],"about":[{"href":"https:\/\/www.stadtmuseum.de\/en\/wp-json\/wp\/v2\/types\/article"}],"version-history":[{"count":10,"href":"https:\/\/www.stadtmuseum.de\/en\/wp-json\/wp\/v2\/article\/52412\/revisions"}],"predecessor-version":[{"id":55055,"href":"https:\/\/www.stadtmuseum.de\/en\/wp-json\/wp\/v2\/article\/52412\/revisions\/55055"}],"wp:featuredmedia":[{"embeddable":true,"href":"https:\/\/www.stadtmuseum.de\/en\/wp-json\/wp\/v2\/media\/51995"}],"wp:attachment":[{"href":"https:\/\/www.stadtmuseum.de\/en\/wp-json\/wp\/v2\/media?parent=52412"}],"wp:term":[{"taxonomy":"ho_author","embeddable":true,"href":"https:\/\/www.stadtmuseum.de\/en\/wp-json\/wp\/v2\/ho_author?post=52412"},{"taxonomy":"ho_category","embeddable":true,"href":"https:\/\/www.stadtmuseum.de\/en\/wp-json\/wp\/v2\/ho_category?post=52412"}],"curies":[{"name":"wp","href":"https:\/\/api.w.org\/{rel}","templated":true}]}}