{"id":60276,"date":"2025-01-16T10:38:54","date_gmt":"2025-01-16T09:38:54","guid":{"rendered":"https:\/\/www.stadtmuseum.de\/?post_type=article&#038;p=60276"},"modified":"2025-01-16T10:38:56","modified_gmt":"2025-01-16T09:38:56","slug":"conversations-behind-lace-curtains","status":"publish","type":"article","link":"https:\/\/www.stadtmuseum.de\/en\/article\/conversations-behind-lace-curtains","title":{"rendered":"Conversations Behind Lace Curtains"},"content":{"rendered":"<section class=\"block block-header-article block-header-article-natural block-header-article-align-pullLeft\" >\n\t<div class=\"container-fluid\">\n\t\t<div class=\"row middle-xs\">\n\t\t\t\t\t\t\t<div class=\"col-xs-12 col-md-6 first-md\">\n\t\t\t\t\t<div class=\"block-header-article-image block-header-article-image-natural\">\n\t\t\t\t\t\t\n\t\t<lazy-media-inline inline-template data-id=\"50732\">\n\t\t\t<figure itemscope itemtype=\"http:\/\/schema.org\/ImageObject\" class=\"lazy-media-inline \" role=\"group\" id=\"media_69f30929b843a\">\n\t\t\t\t<script type=\"application\/json\" ref=\"data\">\n\t\t\t\t{\n\t\t\t\t\"sizes\" : {\"medium\":{\"file\":\"240531_HUF_Solidarnosc_0919-300x200.jpg\",\"width\":300,\"height\":200,\"mime-type\":\"image\\\/jpeg\",\"filesize\":19776},\"large\":{\"file\":\"240531_HUF_Solidarnosc_0919-1024x683.jpg\",\"width\":1024,\"height\":683,\"mime-type\":\"image\\\/jpeg\",\"filesize\":192436},\"medium_large\":{\"file\":\"240531_HUF_Solidarnosc_0919-768x512.jpg\",\"width\":768,\"height\":512,\"mime-type\":\"image\\\/jpeg\",\"filesize\":112351},\"1536x1536\":{\"file\":\"240531_HUF_Solidarnosc_0919-1536x1024.jpg\",\"width\":1536,\"height\":1024,\"mime-type\":\"image\\\/jpeg\",\"filesize\":394617},\"small\":{\"file\":\"240531_HUF_Solidarnosc_0919-440x293.jpg\",\"width\":440,\"height\":293,\"mime-type\":\"image\\\/jpeg\",\"filesize\":39837},\"semi\":{\"file\":\"240531_HUF_Solidarnosc_0919-580x387.jpg\",\"width\":580,\"height\":387,\"mime-type\":\"image\\\/jpeg\",\"filesize\":66937},\"mobile\":{\"file\":\"240531_HUF_Solidarnosc_0919-720x480.jpg\",\"width\":720,\"height\":480,\"mime-type\":\"image\\\/jpeg\",\"filesize\":99253},\"hd\":{\"file\":\"240531_HUF_Solidarnosc_0919-1280x853.jpg\",\"width\":1280,\"height\":853,\"mime-type\":\"image\\\/jpeg\",\"filesize\":287811},\"original\":{\"file\":\"240531_HUF_Solidarnosc_0919.jpg\",\"width\":1731,\"height\":1154}},\n\t\t\t\t\"alt\" : \"Die K\\u00fcnstler:innen stehen und sitzen nebeneinander f\\u00fcr ein Gruppenfoto\",\n\t\t\t\t\"path\" : \"\\\/wp-content\\\/uploads\\\/2024\\\/06\\\/\",\n\t\t\t\t\"video\" : null,\n\t\t\t\t\"autoplay\" : null,\n\t\t\t\t\"youtube\" : null,\n\t\t\t\t\"youtubelabel\" : \"play\",\n\t\t\t\t\"brightness\" : 100,\n\t\t\t\t\"crop\" : null,\n\t\t\t\t\"background\" : false,\n\t\t\t\t\"scale\" : 1,\n\t\t\t\t\"zoom\" : false,\n\t\t\t\t\"annotations\" : null\t\t\t\t}\n\t\t\t<\/script>\n\t\t\t\t<div class=\"height-container\" style=\"padding-bottom:66.666666666667%;  \" v-if=\"sizes\">\n\t\t\t\t\t<lazy-media :inline=\"true\" :alt=\"alt\" :sizes=\"sizes\" :scale=\"scale\" :zoom=\"zoom\" :brightness=\"brightness\" :path=\"path\" :video=\"video\" :autoplay=\"autoplay\" :youtube=\"youtube\" :crop=\"crop\" :youtubelabel=\"youtubelabel\" :annotations=\"annotations\" :background=\"background\"><\/lazy-media>\n\n\t\t\t\t\t\t\t\t\t<\/div>\n\n\t\t\t\t\n\t\t\t\t\n\n\n\t\t\t\t\t\t\t\t\t\t<figcaption class=\"\">\n\t\t\t\t\t\t\t\t\t\t\t\t\t\t\t<div class=\"lazy-media-image-label\">The artists Anna Krenz, Ewa Maria Slaska, Jemek Jemowit, and the Open Space curator Sophie Perl<\/div>\n\t\t\t\t\t\t\t\t\t\t\t\t\t\t\t\t\t\t\t\t\t\t<div class=\"lazy-media-image-description\">Open Space &#8220;Freedom, Equality, Solidarno\u015b\u0107&#8221; in BERLIN GLOBAL at the Humboldt Forum \u00a9 Ewa Maria Slaska, Anna Krenz, Jemek Jemowit | Stadtmuseum Berlin, Photo: Michael Setzpfandt <\/div>\n\t\t\t\t\t\t\t\t\t\t\t\t\t<\/figcaption>\n\t\t\t\t\t\t\t\t\t\n\t\t\t   \t\t\t\t\t\t\t<\/figure>\n\t\t<\/lazy-media-inline>\n\t\t\t\t\t\t\t<\/div>\n\t\t\t\t<\/div>\n\t\t\t\t<div class=\"col-xs-12 col-md-5 col-md-offset-1 first-xs margin-bottom-third  block-header-article--text\">\n\t\t\t\t\t<div class=\"box\">\n\t\t\t\t\t\t<h1 class=\"zeplin-subHead01 margin-bottom-sixth\">Conversations Behind Lace Curtains<\/h1>\n\t\t\t\t\t<\/div>\n\t\t\t\t\t<div class=\"box\">\n\t\t\t\t\t\t<div class=\"copy margin-bottom-third\">\n\t\t\t\t\t\t\t<p>On the Open Space, three Polish artists reflect on the special relationship between Poles and Berlin under the title &#8220;Freedom, Equality, Solidarno\u015b\u0107&#8221;.<\/p>\n\t\t\t\t\t\t<\/div>\n\t\t\t\t\t<\/div>\n\t\t\t\t\t\n\t\t\t\t\t<div class=\" has-highlight-color\">\n\t\t\t\t\t\t\t\t\t\t\t<\/div>\n\t\t\t\t<\/div>\n\n\n\n\t\t\t\t\t<\/div>\n\t<\/div>\n<\/section>\n\n\n\n<section class=\"block block-quote \">\n\t<figure>\n\t\t<div class=\"container-fluid\">\n\t\t\t<div class=\"row center-xs\">\n\t\t\t\t\t\t\t\t\t\t\t\t\t<div class=\"col-xs-10\">\n\t\t\t\t\t\t<div class=\"box\">\n\t\t\t\t\t\t\t<blockquote class=\"zeplin-quote\">What makes the city of Berlin unique?<\/blockquote>\n\t\t\t\t\t\t<\/div>\n\t\t\t\t\t<\/div>\n\t\t\t\t\t\t\t<\/div>\n\t\t<\/div>\n\n\t\t\t<\/figure>\n<\/section>\n\n\n<section class=\"block block-copy\">\n\t<div class=\"container-fluid\">\n\t\t<div class=\"row\">\n\t\t\t<div class=\"col-xs-12 col-md-7\">\n\t\t\t\t<div class=\"copy\">\n\t\t\t\t\t<p>This is the core question that the BERLIN GLOBAL exhibition answers in various ways. It is primarily the people who came here from all over Europe and the world. Many aspects of the exhibition show how Berlin is connected to the world and how it has developed through immigration since the Middle Ages. Without the Bohemians, Jews, or Slavs who came to Berlin for centuries to escape religious persecution, war, or economic hardship, the city on the Spree would not have become the metropolis it is today.<\/p>\n\t\t\t\t<\/div>\n\t\t\t<\/div>\n\t\t<\/div>\n\t<\/div>\n<\/section>\n\n\n<section class=\"block block-standard-image-copy  align-left\" data-parallax='{\"child\":\".motion-image\",\"mask\":\".row\",\"full\":{\"y\": [5,-5]}}' id=\"sticky_69f30929b97c5\">\n\t<div class=\"container-fluid\" data-parallax='{\"child\":\".row\",\"mask\":\".motion-image\",\"in\":{\"scale\": [1.1,1.1],\"opacity\": [0,0]},\"center\":{\"scale\": [1.1,1],\"opacity\": [0,1],\"ease\":\"sine.out\"},\"out\":{\"opacity\": [1,0]}}'>\n\t\t<div class=\"row\">\n\t\t\t\t\t\t\t<div class=\"col-xs-12 col-md-7\">\n\t\t\t\t\t<div class=\"padding-bottom-minimal padding-top-minimal\" >\n\t\t\t\t\t\t\n\t\t<lazy-media-inline inline-template data-id=\"50815\">\n\t\t\t<figure itemscope itemtype=\"http:\/\/schema.org\/ImageObject\" class=\"lazy-media-inline \" role=\"group\" id=\"media_69f30929b9abd\">\n\t\t\t\t<script type=\"application\/json\" ref=\"data\">\n\t\t\t\t{\n\t\t\t\t\"sizes\" : {\"medium\":{\"file\":\"240531_HUF_Solidarnosc_0930-300x200.jpg\",\"width\":300,\"height\":200,\"mime-type\":\"image\\\/jpeg\",\"filesize\":18457},\"large\":{\"file\":\"240531_HUF_Solidarnosc_0930-1024x683.jpg\",\"width\":1024,\"height\":683,\"mime-type\":\"image\\\/jpeg\",\"filesize\":118718},\"medium_large\":{\"file\":\"240531_HUF_Solidarnosc_0930-768x512.jpg\",\"width\":768,\"height\":512,\"mime-type\":\"image\\\/jpeg\",\"filesize\":76717},\"1536x1536\":{\"file\":\"240531_HUF_Solidarnosc_0930-1536x1024.jpg\",\"width\":1536,\"height\":1024,\"mime-type\":\"image\\\/jpeg\",\"filesize\":219192},\"small\":{\"file\":\"240531_HUF_Solidarnosc_0930-440x293.jpg\",\"width\":440,\"height\":293,\"mime-type\":\"image\\\/jpeg\",\"filesize\":33095},\"semi\":{\"file\":\"240531_HUF_Solidarnosc_0930-580x387.jpg\",\"width\":580,\"height\":387,\"mime-type\":\"image\\\/jpeg\",\"filesize\":50535},\"mobile\":{\"file\":\"240531_HUF_Solidarnosc_0930-720x480.jpg\",\"width\":720,\"height\":480,\"mime-type\":\"image\\\/jpeg\",\"filesize\":69239},\"hd\":{\"file\":\"240531_HUF_Solidarnosc_0930-1280x853.jpg\",\"width\":1280,\"height\":853,\"mime-type\":\"image\\\/jpeg\",\"filesize\":166096},\"original\":{\"file\":\"240531_HUF_Solidarnosc_0930.jpg\",\"width\":1731,\"height\":1154}},\n\t\t\t\t\"alt\" : \"Menschen stehen schauend und lesend vor einer Ausstellungswand\",\n\t\t\t\t\"path\" : \"\\\/wp-content\\\/uploads\\\/2024\\\/06\\\/\",\n\t\t\t\t\"video\" : null,\n\t\t\t\t\"autoplay\" : null,\n\t\t\t\t\"youtube\" : null,\n\t\t\t\t\"youtubelabel\" : \"play\",\n\t\t\t\t\"brightness\" : 100,\n\t\t\t\t\"crop\" : null,\n\t\t\t\t\"background\" : false,\n\t\t\t\t\"scale\" : 1,\n\t\t\t\t\"zoom\" : false,\n\t\t\t\t\"annotations\" : null\t\t\t\t}\n\t\t\t<\/script>\n\t\t\t\t<div class=\"height-container\" style=\"padding-bottom:66.666666666667%;  \" v-if=\"sizes\">\n\t\t\t\t\t<lazy-media :inline=\"true\" :alt=\"alt\" :sizes=\"sizes\" :scale=\"scale\" :zoom=\"zoom\" :brightness=\"brightness\" :path=\"path\" :video=\"video\" :autoplay=\"autoplay\" :youtube=\"youtube\" :crop=\"crop\" :youtubelabel=\"youtubelabel\" :annotations=\"annotations\" :background=\"background\"><\/lazy-media>\n\n\t\t\t\t\t\t\t\t\t<\/div>\n\n\t\t\t\t\n\t\t\t\t\n\n\n\t\t\t\t\t\t\t\t\t\t<figcaption class=\"\">\n\t\t\t\t\t\t\t\t\t\t\t\t\t\t\t<div class=\"lazy-media-image-label\">In Berlin, there are many places connected to Polish history.<\/div>\n\t\t\t\t\t\t\t\t\t\t\t\t\t\t\t\t\t\t\t\t\t\t<div class=\"lazy-media-image-description\">Open Space &#8220;Freedom, Equality, Solidarno\u015b\u0107&#8221; in BERLIN GLOBAL at the Humboldt Forum \u00a9 Ewa Maria Slaska, Anna Krenz, Jemek Jemowit | Stadtmuseum Berlin, Photo: Michael Setzpfandt <\/div>\n\t\t\t\t\t\t\t\t\t\t\t\t\t<\/figcaption>\n\t\t\t\t\t\t\t\t\t\n\t\t\t   \t\t\t\t\t\t\t<\/figure>\n\t\t<\/lazy-media-inline>\n\t\t\t\t\t\t\t<\/div>\n\t\t\t\t<\/div>\n\t\t\t\t<div class=\"col-xs-12 col-md-4 col-md-offset-1\">\n\t\t\t\t\t<div class=\"padding-bottom-minimal padding-top-minimal copy\" >\n\t\t\t\t\t\t\t\t\t\t\t\tFor people from nearby Poland, Berlin has always been an important attraction, as shown by the Polish artists Ewa Maria Slaska, Anna Krenz, and Jemek Jemowit in their exhibition area titled &#8220;Freedom, Equality, Solidarno\u015b\u0107&#8221;. On one of the Open Spaces provided by the Stadtmuseum Berlin for projects and artists, they draw a historical arc from the Weimar Republic to the present day, explaining the special relationship of Poles to the German capital.\t\t\t\t\t<\/div>\n\t\t\t\t<\/div>\n\t\t\t\t\t<\/div>\n\t<\/div>\n<\/section>\n\n\n<section class=\"block block-copy\">\n\t<div class=\"container-fluid\">\n\t\t<div class=\"row\">\n\t\t\t<div class=\"col-xs-12 col-md-7\">\n\t\t\t\t<div class=\"copy\">\n\t\t\t\t\t<p>&#8220;There have always been close relationships between Poles and Berlin, whether due to proximity, political and social developments, or familial ties,&#8221; says Anna Krenz. She likes to quote Kurt Tucholsky, who wrote in the &#8220;Berliner Abendblatt&#8221; in 1919: &#8220;The Berliner is mostly from Posen or Breslau and has no time.&#8221; The artist, who has lived in Berlin since 2003, is a co-founder of the Dziewuchy Berlin collective and the Ambasada Polek e. V. association, which are committed to feminist and queer art projects. Through their actions, they drew attention to grievances and persecution in their homeland, which was then still governed by the conservative PiS party.<\/p>\n\t\t\t\t<\/div>\n\t\t\t<\/div>\n\t\t<\/div>\n\t<\/div>\n<\/section>\n\n\n<section class=\"block block-headline has-highlight-color block-no-margin\" >\n\t<div class=\"container-fluid\">\n\t\t<div class=\"row\">\n\t\t\t\t\t\t<div class=\"col-xs-12 col-md-7\">\n\t\t\t\t<div class=\"box\">\n\t\t\t\t\t<h2 class=\"h3\">Interviews with Berliners<\/h2>\n\t\t\t\t<\/div>\n\t\t\t<\/div>\n\t\t\t\t\t<\/div>\n\t<\/div>\n<\/section>\n\n\n<section class=\"block block-copy\">\n\t<div class=\"container-fluid\">\n\t\t<div class=\"row\">\n\t\t\t<div class=\"col-xs-12 col-md-7\">\n\t\t\t\t<div class=\"copy\">\n\t\t\t\t\t<p>The Open Space consists of three parts. Firstly, the artists have selected seven &#8220;Polish Places in Berlin&#8221; to exemplify where over 150 years of shared history is visible. Another exhibition area is a multi-part film installation. It includes interviews with Berliners of different generations discussing the significance of the Solidarno\u015b\u0107 movement for Berlin and German-Polish solidarity today. It also addresses everyday racism and numerous German prejudices against Poles.<br><br>A Polish mother and her daughter report that the child, who grew up in Berlin, was not allowed to learn Polish because the mother feared it would be a disadvantage. The daughter, on the other hand, complains that an important part of her identity was withheld from her, which she could only reclaim as a young adult.<\/p>\n\t\t\t\t<\/div>\n\t\t\t<\/div>\n\t\t<\/div>\n\t<\/div>\n<\/section>\n\n\n<section class=\"block block-standard-image-copy  align-left\" data-parallax='{\"child\":\".motion-image\",\"mask\":\".row\",\"full\":{\"y\": [5,-5]}}' id=\"sticky_69f30929b9f3b\">\n\t<div class=\"container-fluid\" data-parallax='{\"child\":\".row\",\"mask\":\".motion-image\",\"in\":{\"scale\": [1.1,1.1],\"opacity\": [0,0]},\"center\":{\"scale\": [1.1,1],\"opacity\": [0,1],\"ease\":\"sine.out\"},\"out\":{\"opacity\": [1,0]}}'>\n\t\t<div class=\"row\">\n\t\t\t\t\t\t\t<div class=\"col-xs-12 col-md-4 \">\n\t\t\t\t\t<div class=\"padding-bottom-minimal padding-top-minimal copy\" >\n\t\t\t\t\t\t\t\t\t\t\t\tIn Anna Krenz&#8217;s room installation, there are three modern chairs designed by Roman Modzelewski. They face each other but are shielded by floor-to-ceiling white lace curtains \u2013 Polish modernity combined with craftsmanship tradition, hidden on one hand, yet transparent on the other, simultaneously inviting people to sit and converse.\t\t\t\t\t<\/div>\n\t\t\t\t<\/div>\n\t\t\t\t<div class=\"col-xs-12 col-md-7  col-md-offset-1\">\n\t\t\t\t\t<div class=\"padding-bottom-minimal padding-top-minimal\" >\n\t\t\t\t\t\t\n\t\t<lazy-media-inline inline-template data-id=\"50734\">\n\t\t\t<figure itemscope itemtype=\"http:\/\/schema.org\/ImageObject\" class=\"lazy-media-inline \" role=\"group\" id=\"media_69f30929ba1a6\">\n\t\t\t\t<script type=\"application\/json\" ref=\"data\">\n\t\t\t\t{\n\t\t\t\t\"sizes\" : {\"medium\":{\"file\":\"240531_HUF_Solidarnosc_0332-300x200.jpg\",\"width\":300,\"height\":200,\"mime-type\":\"image\\\/jpeg\",\"filesize\":18144},\"large\":{\"file\":\"240531_HUF_Solidarnosc_0332-1024x683.jpg\",\"width\":1024,\"height\":683,\"mime-type\":\"image\\\/jpeg\",\"filesize\":141880},\"medium_large\":{\"file\":\"240531_HUF_Solidarnosc_0332-768x512.jpg\",\"width\":768,\"height\":512,\"mime-type\":\"image\\\/jpeg\",\"filesize\":87554},\"1536x1536\":{\"file\":\"240531_HUF_Solidarnosc_0332-1536x1024.jpg\",\"width\":1536,\"height\":1024,\"mime-type\":\"image\\\/jpeg\",\"filesize\":275451},\"small\":{\"file\":\"240531_HUF_Solidarnosc_0332-440x293.jpg\",\"width\":440,\"height\":293,\"mime-type\":\"image\\\/jpeg\",\"filesize\":34290},\"semi\":{\"file\":\"240531_HUF_Solidarnosc_0332-580x387.jpg\",\"width\":580,\"height\":387,\"mime-type\":\"image\\\/jpeg\",\"filesize\":55154},\"mobile\":{\"file\":\"240531_HUF_Solidarnosc_0332-720x480.jpg\",\"width\":720,\"height\":480,\"mime-type\":\"image\\\/jpeg\",\"filesize\":78213},\"hd\":{\"file\":\"240531_HUF_Solidarnosc_0332-1280x853.jpg\",\"width\":1280,\"height\":853,\"mime-type\":\"image\\\/jpeg\",\"filesize\":205295},\"original\":{\"file\":\"240531_HUF_Solidarnosc_0332.jpg\",\"width\":1731,\"height\":1154}},\n\t\t\t\t\"alt\" : \"Umgeben von wei\\u00dfen Spitzengardinen befindet sich eine Vitrine mit einer wei\\u00dfen Tasse und drei roten St\\u00fchlen im Inneren der Installation\",\n\t\t\t\t\"path\" : \"\\\/wp-content\\\/uploads\\\/2024\\\/06\\\/\",\n\t\t\t\t\"video\" : null,\n\t\t\t\t\"autoplay\" : null,\n\t\t\t\t\"youtube\" : null,\n\t\t\t\t\"youtubelabel\" : \"play\",\n\t\t\t\t\"brightness\" : 100,\n\t\t\t\t\"crop\" : null,\n\t\t\t\t\"background\" : false,\n\t\t\t\t\"scale\" : 1,\n\t\t\t\t\"zoom\" : false,\n\t\t\t\t\"annotations\" : null\t\t\t\t}\n\t\t\t<\/script>\n\t\t\t\t<div class=\"height-container\" style=\"padding-bottom:66.666666666667%;  \" v-if=\"sizes\">\n\t\t\t\t\t<lazy-media :inline=\"true\" :alt=\"alt\" :sizes=\"sizes\" :scale=\"scale\" :zoom=\"zoom\" :brightness=\"brightness\" :path=\"path\" :video=\"video\" :autoplay=\"autoplay\" :youtube=\"youtube\" :crop=\"crop\" :youtubelabel=\"youtubelabel\" :annotations=\"annotations\" :background=\"background\"><\/lazy-media>\n\n\t\t\t\t\t\t\t\t\t<\/div>\n\n\t\t\t\t\n\t\t\t\t\n\n\n\t\t\t\t\t\t\t\t\t\t<figcaption class=\"\">\n\t\t\t\t\t\t\t\t\t\t\t\t\t\t\t<div class=\"lazy-media-image-label\">Impressive Room Installation<\/div>\n\t\t\t\t\t\t\t\t\t\t\t\t\t\t\t\t\t\t\t\t\t\t<div class=\"lazy-media-image-description\">Open Space &#8220;Freedom, Equality, Solidarno\u015b\u0107&#8221; in BERLIN GLOBAL at the Humboldt Forum \u00a9 Ewa Maria Slaska, Anna Krenz, Jemek Jemowit | Stadtmuseum Berlin, Photo: Michael Setzpfandt <\/div>\n\t\t\t\t\t\t\t\t\t\t\t\t\t<\/figcaption>\n\t\t\t\t\t\t\t\t\t\n\t\t\t   \t\t\t\t\t\t\t<\/figure>\n\t\t<\/lazy-media-inline>\n\t\t\t\t\t\t\t<\/div>\n\t\t\t\t<\/div>\n\t\t\t\t\t<\/div>\n\t<\/div>\n<\/section>\n\n\n<section class=\"block block-copy\">\n\t<div class=\"container-fluid\">\n\t\t<div class=\"row\">\n\t\t\t<div class=\"col-xs-12 col-md-7\">\n\t\t\t\t<div class=\"copy\">\n\t\t\t\t\t<p>&#8220;I don&#8217;t want to portray us Poles as victims, as has been the theme throughout the centuries. The civil society in Poland has shown that we can engage and make a difference. We are all fighting for freedom, equality, and Solidarno\u015b\u0107,&#8221; says Anna Krenz.<br><br>Communication between countries and their people is the most important thing, emphasizes the artist, especially in difficult times, even though there is finally a sense of optimism in today&#8217;s Poland after the 2023 government change.<\/p>\n\t\t\t\t<\/div>\n\t\t\t<\/div>\n\t\t<\/div>\n\t<\/div>\n<\/section>\n\n\n<section class=\"block block-headline has-highlight-color block-no-margin\" >\n\t<div class=\"container-fluid\">\n\t\t<div class=\"row\">\n\t\t\t\t\t\t<div class=\"col-xs-12 col-md-7\">\n\t\t\t\t<div class=\"box\">\n\t\t\t\t\t<h2 class=\"h3\">Polish Places in Berlin<\/h2>\n\t\t\t\t<\/div>\n\t\t\t<\/div>\n\t\t\t\t\t<\/div>\n\t<\/div>\n<\/section>\n\n\n\n<section class=\"block block-accordion\">\n\t<div class=\"container-fluid\">\n\t\t<div class=\"row\">\n\t\t\t<div class=\"col-xs-12\">\n\t\t\t\t<div class=\"box\">\n\t\t\t\t\t<block-accordion inline-template>\n\t\t\t\t\t\t<div class=\"accordion\" role=\"tablist\">\n\t\t\t\t\t\t\t\n<div>\n<block-accordion-item inline-template>\n\t<div ref=\"item\" data-id=\"Rosa-Luxemburg-Steg\" class=\"block-accordion-item vue-initialize\" role=\"tab\" aria-expanded=\"false\" :aria-expanded=\"active ? 'true' : 'false'\">\n\t\t<button class=\"block-accordion-item-head\" :class=\"{'button-active': active}\" ref=\"head\" aria-controls=\"acc_69f30929ba523\" id=\"acc_title_69f30929ba524\" @click=\"toggle\" @keydown=\"key\">\n\t\t\t<span class=\"button-label zeplin-subHead05\">Rosa-Luxemburg-Steg<\/span>\n\t\t\t<span class=\"button-icon icon-navi_close\" aria-hidden=\"true\"><\/span>\n\t\t<\/button>\n\t\t<div ref=\"body\" class=\"block-accordion-item-content\" id=\"acc_69f30929ba523\" role=\"tabpanel\">\n\t\t\t<div class=\"row\">\n\t\t\t\t<div class=\"col-xs-10 col-md-7\">\n\t\t\t\t\t<div class=\"wrapper\">\n\t\t\t\t\t\t<div class=\"copy padding-bottom-third\">\n\t\t\t\t\t\t\tThe socialist Rosa Luxemburg was born and raised in Poland. She was murdered by right-wing Freikorps members in January 1919. The pedestrian bridge in the Gro\u00dfer Tiergarten stands by the canal from which her body was thrown into the Landwehr Canal.\t\t\t\t\t\t<\/div>\n\t\t\t\t\t<\/div>\n\t\t\t\t<\/div>\n\t\t\t<\/div>\n\t\t<\/div>\n\t<\/div>\n<\/block-accordion-item>\n\n\n\n\n<block-accordion-item inline-template>\n\t<div ref=\"item\" data-id=\"WarschauerBrcke\" class=\"block-accordion-item vue-initialize\" role=\"tab\" aria-expanded=\"false\" :aria-expanded=\"active ? 'true' : 'false'\">\n\t\t<button class=\"block-accordion-item-head\" :class=\"{'button-active': active}\" ref=\"head\" aria-controls=\"acc_69f30929ba5fb\" id=\"acc_title_69f30929ba5fc\" @click=\"toggle\" @keydown=\"key\">\n\t\t\t<span class=\"button-label zeplin-subHead05\">Warschauer Br\u00fccke<\/span>\n\t\t\t<span class=\"button-icon icon-navi_close\" aria-hidden=\"true\"><\/span>\n\t\t<\/button>\n\t\t<div ref=\"body\" class=\"block-accordion-item-content\" id=\"acc_69f30929ba5fb\" role=\"tabpanel\">\n\t\t\t<div class=\"row\">\n\t\t\t\t<div class=\"col-xs-10 col-md-7\">\n\t\t\t\t\t<div class=\"wrapper\">\n\t\t\t\t\t\t<div class=\"copy padding-bottom-third\">\n\t\t\t\t\t\t\tHere, where spontaneous parties are often celebrated, thousands of black-clad feminist and queer activists have repeatedly protested since 2016 against the rigid abortion laws and the attack on constitutional rights by the Polish PiS government.\t\t\t\t\t\t<\/div>\n\t\t\t\t\t<\/div>\n\t\t\t\t<\/div>\n\t\t\t<\/div>\n\t\t<\/div>\n\t<\/div>\n<\/block-accordion-item>\n\n\n\n\n<block-accordion-item inline-template>\n\t<div ref=\"item\" data-id=\"SolidarnoMonument\" class=\"block-accordion-item vue-initialize\" role=\"tab\" aria-expanded=\"false\" :aria-expanded=\"active ? 'true' : 'false'\">\n\t\t<button class=\"block-accordion-item-head\" :class=\"{'button-active': active}\" ref=\"head\" aria-controls=\"acc_69f30929ba6ce\" id=\"acc_title_69f30929ba6cf\" @click=\"toggle\" @keydown=\"key\">\n\t\t\t<span class=\"button-label zeplin-subHead05\">Solidarno\u015b\u0107 Monument<\/span>\n\t\t\t<span class=\"button-icon icon-navi_close\" aria-hidden=\"true\"><\/span>\n\t\t<\/button>\n\t\t<div ref=\"body\" class=\"block-accordion-item-content\" id=\"acc_69f30929ba6ce\" role=\"tabpanel\">\n\t\t\t<div class=\"row\">\n\t\t\t\t<div class=\"col-xs-10 col-md-7\">\n\t\t\t\t\t<div class=\"wrapper\">\n\t\t\t\t\t\t<div class=\"copy padding-bottom-third\">\n\t\t\t\t\t\t\tBehind the Reichstag, there is a hidden piece of brick wall from the Gda\u0144sk Lenin Shipyard. It was there in 1980 that the Polish trade union Solidarno\u015b\u0107, led by Lech Wa\u0142\u0119sa, was founded. Shortly after, it was banned and continued its underground work from Germany.\t\t\t\t\t\t<\/div>\n\t\t\t\t\t<\/div>\n\t\t\t\t<\/div>\n\t\t\t<\/div>\n\t\t<\/div>\n\t<\/div>\n<\/block-accordion-item>\n\n<\/div>\n\t\t\t\t\t\t<\/div>\n\t\t\t\t\t<\/block-accordion>\n\t\t\t\t<\/div>\n\t\t\t<\/div>\n\t\t<\/div>\n\t<\/div>\n<\/section>\n\n\n<section class=\"block block-copy block-no-margin\">\n\t<div class=\"container-fluid\">\n\t\t<div class=\"row\">\n\t\t\t<div class=\"col-xs-12 col-md-7\">\n\t\t\t\t<div class=\"copy\">\n\t\t\t\t\t<p><em>Published in the Tagesspiegel on 14.12.2024<\/em><br><br>The <a href=\"https:\/\/www.stadtmuseum.de\/en\/exhibition\/liberty-equality-solidarnosc-polish-viewpoints-in-berlin\">Open Space<\/a> can be seen in the room &#8220;Entertainment&#8221; at BERLIN GLOBAL.<\/p>\n\t\t\t\t<\/div>\n\t\t\t<\/div>\n\t\t<\/div>\n\t<\/div>\n<\/section>\n\n\n\t<section class=\"block block-full-teaser   has-invert-color align-full\">\n\t<div class=\"block-full-teaser-image\">\n\t\t\n\t\t<lazy-media-inline inline-template data-id=\"2315\">\n\t\t\t<figure itemscope itemtype=\"http:\/\/schema.org\/ImageObject\" class=\"lazy-media-inline \" role=\"group\" id=\"media_69f30929bb002\">\n\t\t\t\t<script type=\"application\/json\" ref=\"data\">\n\t\t\t\t{\n\t\t\t\t\"sizes\" : {\"medium\":{\"file\":\"BerlinGlobal-392-300x200.jpg\",\"width\":300,\"height\":200,\"mime-type\":\"image\\\/jpeg\",\"filesize\":19838},\"large\":{\"file\":\"BerlinGlobal-392-1024x683.jpg\",\"width\":1024,\"height\":683,\"mime-type\":\"image\\\/jpeg\",\"filesize\":126715},\"medium_large\":{\"file\":\"BerlinGlobal-392-768x512.jpg\",\"width\":768,\"height\":512,\"mime-type\":\"image\\\/jpeg\",\"filesize\":82626},\"1536x1536\":{\"file\":\"BerlinGlobal-392-1536x1024.jpg\",\"width\":1536,\"height\":1024,\"mime-type\":\"image\\\/jpeg\",\"filesize\":231727},\"2048x2048\":{\"file\":\"BerlinGlobal-392-2048x1365.jpg\",\"width\":2048,\"height\":1365,\"mime-type\":\"image\\\/jpeg\",\"filesize\":366743},\"small\":{\"file\":\"BerlinGlobal-392-440x293.jpg\",\"width\":440,\"height\":293,\"mime-type\":\"image\\\/jpeg\",\"filesize\":36141},\"semi\":{\"file\":\"BerlinGlobal-392-580x387.jpg\",\"width\":580,\"height\":387,\"mime-type\":\"image\\\/jpeg\",\"filesize\":55133},\"mobile\":{\"file\":\"BerlinGlobal-392-720x480.jpg\",\"width\":720,\"height\":480,\"mime-type\":\"image\\\/jpeg\",\"filesize\":75201},\"hd\":{\"file\":\"BerlinGlobal-392-1280x853.jpg\",\"width\":1280,\"height\":853,\"mime-type\":\"image\\\/jpeg\",\"filesize\":176491},\"full\":{\"file\":\"BerlinGlobal-392-1920x1280.jpg\",\"width\":1920,\"height\":1280,\"mime-type\":\"image\\\/jpeg\",\"filesize\":329135},\"original\":{\"file\":\"BerlinGlobal-392.jpg\",\"width\":3000,\"height\":2000}},\n\t\t\t\t\"alt\" : \"\",\n\t\t\t\t\"path\" : \"\\\/wp-content\\\/uploads\\\/2022\\\/10\\\/\",\n\t\t\t\t\"video\" : null,\n\t\t\t\t\"autoplay\" : null,\n\t\t\t\t\"youtube\" : null,\n\t\t\t\t\"youtubelabel\" : \"play\",\n\t\t\t\t\"brightness\" : 68,\n\t\t\t\t\"crop\" : {\"x\":0.5,\"y\":0.5},\n\t\t\t\t\"background\" : true,\n\t\t\t\t\"scale\" : 2,\n\t\t\t\t\"zoom\" : false,\n\t\t\t\t\"annotations\" : null\t\t\t\t}\n\t\t\t<\/script>\n\t\t\t\t<div class=\"height-container\" style=\"padding-bottom:66.666666666667%;  \" v-if=\"sizes\">\n\t\t\t\t\t<lazy-media :inline=\"true\" :alt=\"alt\" :sizes=\"sizes\" :scale=\"scale\" :zoom=\"zoom\" :brightness=\"brightness\" :path=\"path\" :video=\"video\" :autoplay=\"autoplay\" :youtube=\"youtube\" :crop=\"crop\" :youtubelabel=\"youtubelabel\" :annotations=\"annotations\" :background=\"background\"><\/lazy-media>\n\n\t\t\t\t\t\t\t\t\t<\/div>\n\n\t\t\t\t\n\t\t\t\t\n\n\n\t\t\t\t\t\t\t\t\t\t<figcaption class=\"\">\n\t\t\t\t\t\t\t\t\t\t\t\t\t\t\t<div class=\"lazy-media-image-label\">F\u00fcr eine \u00dcberraschung gut: die begehbare Diskokugel im Raum Vergn\u00fcgen.<\/div>\n\t\t\t\t\t\t\t\t\t\t\t\t\t\t\t\t\t\t\t\t<\/figcaption>\n\t\t\t\t\t\t\t\t\t\n\t\t\t   \t\t\t\t\t\t\t<\/figure>\n\t\t<\/lazy-media-inline>\n\t\t\t<\/div>\n\t<div class=\"block-full-teaser-content-wrapper\">\n\t\t<div class=\"container-fluid\">\n\t\t\t<div class=\"row block-full-teaser-content center-xs middle-xs\">\n\t\t\t\t<div class=\"col-xs-1 col-sm-2 col-md-3\"><\/div>\n\t\t\t\t<div class=\"col-xs-10 col-md-6\">\n\t\t\t\t\t<h3 class=\"zeplin-heading margin-bottom-half\">BERLIN GLOBAL<\/h3>\n\t\t\t\t<\/div>\n\t\t\t\t<div class=\"col-xs-1 col-sm-2 col-md-3\"><\/div>\n\t\t\t\t<div class=\"col-xs-8 col-sm-6 col-md-4\">\n\t\t\t\t\t<div class=\"copy\">\n\t\t\t\t\t\t<p>BERLIN GLOBAL shows on 4,000 square meters in the Humboldt Forum how the city and its people are connected to the world.<\/p>\n\t\t\t\t\t<\/div>\n\t\t\t\t<\/div>\n\t\t\t\t\t\t\t\t<div class=\"col-xs-12 padding-top\">\n\t\t\t\t\t<div class='ho-button-group' >\n\n<div class=\"block-buttons-item\">\n<a href=\"https:\/\/www.stadtmuseum.de\/en\/exhibition\/berlin-global\" target=\"\" class=\"ho-button is-large is-secondary\">\n<span class=\"ho-button-label\">\n\tGet your ticket now!<\/span>\n<\/a>\n<\/div>\n<\/div>\t\t\t\t<\/div>\n\t\t\t\t\t\t\t<\/div>\n\t\t<\/div>\n\t<\/div>\n<\/section>\n","protected":false},"excerpt":{"rendered":"<p>On the Open Space, three Polish artists reflect on the special relationship between Poles and Berlin under the title &#8220;Freedom, Equality, Solidarno\u015b\u0107&#8221;.<\/p>\n","protected":false},"featured_media":50732,"template":"","ho_author":[],"ho_category":[229,300,280],"acf":[],"_links":{"self":[{"href":"https:\/\/www.stadtmuseum.de\/en\/wp-json\/wp\/v2\/article\/60276"}],"collection":[{"href":"https:\/\/www.stadtmuseum.de\/en\/wp-json\/wp\/v2\/article"}],"about":[{"href":"https:\/\/www.stadtmuseum.de\/en\/wp-json\/wp\/v2\/types\/article"}],"version-history":[{"count":4,"href":"https:\/\/www.stadtmuseum.de\/en\/wp-json\/wp\/v2\/article\/60276\/revisions"}],"predecessor-version":[{"id":60283,"href":"https:\/\/www.stadtmuseum.de\/en\/wp-json\/wp\/v2\/article\/60276\/revisions\/60283"}],"wp:featuredmedia":[{"embeddable":true,"href":"https:\/\/www.stadtmuseum.de\/en\/wp-json\/wp\/v2\/media\/50732"}],"wp:attachment":[{"href":"https:\/\/www.stadtmuseum.de\/en\/wp-json\/wp\/v2\/media?parent=60276"}],"wp:term":[{"taxonomy":"ho_author","embeddable":true,"href":"https:\/\/www.stadtmuseum.de\/en\/wp-json\/wp\/v2\/ho_author?post=60276"},{"taxonomy":"ho_category","embeddable":true,"href":"https:\/\/www.stadtmuseum.de\/en\/wp-json\/wp\/v2\/ho_category?post=60276"}],"curies":[{"name":"wp","href":"https:\/\/api.w.org\/{rel}","templated":true}]}}